{"id":222818,"date":"2026-04-27T09:55:58","date_gmt":"2026-04-27T15:55:58","guid":{"rendered":"https:\/\/oaxacadiaadia.com\/?p=222818"},"modified":"2026-04-27T09:55:58","modified_gmt":"2026-04-27T15:55:58","slug":"reconocen-a-ciudadanos-distinguidos","status":"publish","type":"post","link":"https:\/\/oaxacadiaadia.com\/?p=222818","title":{"rendered":"Reconocen a ciudadanos distinguidos"},"content":{"rendered":"\n<figure class=\"wp-block-image size-full\"><a href=\"https:\/\/oaxacadiaadia.com\/wp-content\/uploads\/2026\/04\/Reconocen-a-ciudadanos-distinguidos.jpg\"><img loading=\"lazy\" decoding=\"async\" width=\"432\" height=\"288\" src=\"https:\/\/oaxacadiaadia.com\/wp-content\/uploads\/2026\/04\/Reconocen-a-ciudadanos-distinguidos.jpg\" alt=\"\" class=\"wp-image-222819\" srcset=\"https:\/\/oaxacadiaadia.com\/wp-content\/uploads\/2026\/04\/Reconocen-a-ciudadanos-distinguidos.jpg 432w, https:\/\/oaxacadiaadia.com\/wp-content\/uploads\/2026\/04\/Reconocen-a-ciudadanos-distinguidos-300x200.jpg 300w\" sizes=\"auto, (max-width: 432px) 100vw, 432px\" \/><\/a><\/figure>\n\n\n\n<!--more-->\n\n\n\n<p>Oaxaca, Oaxaca, Lunes 27 de Abril, 2026, (Fuente: Comunicado).- El presidente municipal Raymundo Chagoya Villanueva, acompa\u00f1ado por el gobernador Salom\u00f3n Jara Cruz, encabez\u00f3 la entrega de distinciones a ciudadanas y ciudadanos oaxaque\u00f1os, reconocidos por su destacada trayectoria y sus valiosas contribuciones al desarrollo y fortalecimiento de Oaxaca de Ju\u00e1rez.<\/p>\n\n\n\n<p>El cabildo otorg\u00f3, en la categor\u00eda de Oaxaque\u00f1o Inolvidable, un reconocimiento p\u00f3stumo al compositor \u00c1lvaro Carrillo, as\u00ed como a Esteban Sabino Hern\u00e1ndez Salinas, militar y destacado l\u00edder comunitario.<\/p>\n\n\n\n<p>En la categor\u00eda Ciudadanas y Ciudadanos de Antequera, fueron distinguidos Mar\u00eda de la Paz Mart\u00ednez Iturribar\u00eda, Rub\u00e9n Garc\u00eda D\u00edaz y Lilian Alejandra Bustamante Garc\u00eda.<\/p>\n\n\n\n<p>Asimismo, en la categor\u00eda de Visitante Distinguido, se reconoci\u00f3 a Gabriela Cuevas Barr\u00f3n, representante de M\u00e9xico para la Copa Mundial FIFA 2026; a Carmen Esmeralda Gonz\u00e1lez Tapia, presidenta municipal de Cananea, Sonora.<\/p>\n\n\n\n<p>A X\u00f3chitl Flores Jim\u00e9nez, presidenta municipal de Chimalhuac\u00e1n, Estado de M\u00e9xico; as\u00ed como al ex futbolista C\u00e9sar Fabi\u00e1n Delgado Godoy, \u201cEl Chelito\u201d, y a la emprendedora Marisol P\u00e9rez Ruiz.<\/p>\n\n\n\n<p>Por su parte, en la categor\u00eda Diploma al M\u00e9rito Profesional, se entregaron distinciones a Olga Cabrera Oropeza, Erwin Aldair Ruiz Santiago \u201cMextizo Zapoteco\u201d, Isabel Ju\u00e1rez Mej\u00eda, Darwin Mej\u00eda Ranzahuer, Paul Israel Lara P\u00e9rez, Gilda Andrea Hern\u00e1ndez Ram\u00edrez, Heriberto Cirilo Jim\u00e9nez Luna, Luz Mar\u00eda Hern\u00e1ndez Cruz, V\u00edctor Manuel D\u00edaz G\u00f3mez, Cecilia Flores Ram\u00edrez y Carlos Maximiano Luis Valle.<\/p>\n\n\n\n<p>En este marco, Ray Chagoya reconoci\u00f3 que, gracias al trabajo en equipo con el Gobierno del Estado y la Federaci\u00f3n, la capital avanza en su desarrollo para seguir consolid\u00e1ndose como un lugar seguro y limpio para sus vecinas y vecinos.<\/p>\n\n\n\n<p>La sesi\u00f3n solemne se efectu\u00f3 en el marco del 494 aniversario de la elevaci\u00f3n de Villa de Antequera al rango de ciudad, cuyas actividades iniciaron ayer a temprana hora en la Alameda de Le\u00f3n.<\/p>\n\n\n\n<p>Los chirimiteros anunciaron en lo alto de la Catedral metropolitana el inicio de las fiestas; posteriormente hubo repique de campanas, para dar paso a las tradicionales \u201cMa\u00f1anitas\u201d y un espect\u00e1culo a\u00e9reo y cultural.<\/p>\n\n\n\n<p>En el lugar, el presidente municipal Ray Chagoya y Flavio Sosa Villavicencio, representante del mandatario Salom\u00f3n Jara Cruz y secretario de las Culturas, dieron sus respectivos mensajes alusivos a la conmemoraci\u00f3n.<\/p>\n","protected":false},"excerpt":{"rendered":"","protected":false},"author":1,"featured_media":222819,"comment_status":"closed","ping_status":"closed","sticky":false,"template":"","format":"standard","meta":{"footnotes":""},"categories":[11,3],"tags":[],"class_list":["post-222818","post","type-post","status-publish","format-standard","has-post-thumbnail","hentry","category-capital","category-las-destacadas"],"_links":{"self":[{"href":"https:\/\/oaxacadiaadia.com\/index.php?rest_route=\/wp\/v2\/posts\/222818","targetHints":{"allow":["GET"]}}],"collection":[{"href":"https:\/\/oaxacadiaadia.com\/index.php?rest_route=\/wp\/v2\/posts"}],"about":[{"href":"https:\/\/oaxacadiaadia.com\/index.php?rest_route=\/wp\/v2\/types\/post"}],"author":[{"embeddable":true,"href":"https:\/\/oaxacadiaadia.com\/index.php?rest_route=\/wp\/v2\/users\/1"}],"replies":[{"embeddable":true,"href":"https:\/\/oaxacadiaadia.com\/index.php?rest_route=%2Fwp%2Fv2%2Fcomments&post=222818"}],"version-history":[{"count":1,"href":"https:\/\/oaxacadiaadia.com\/index.php?rest_route=\/wp\/v2\/posts\/222818\/revisions"}],"predecessor-version":[{"id":222820,"href":"https:\/\/oaxacadiaadia.com\/index.php?rest_route=\/wp\/v2\/posts\/222818\/revisions\/222820"}],"wp:featuredmedia":[{"embeddable":true,"href":"https:\/\/oaxacadiaadia.com\/index.php?rest_route=\/wp\/v2\/media\/222819"}],"wp:attachment":[{"href":"https:\/\/oaxacadiaadia.com\/index.php?rest_route=%2Fwp%2Fv2%2Fmedia&parent=222818"}],"wp:term":[{"taxonomy":"category","embeddable":true,"href":"https:\/\/oaxacadiaadia.com\/index.php?rest_route=%2Fwp%2Fv2%2Fcategories&post=222818"},{"taxonomy":"post_tag","embeddable":true,"href":"https:\/\/oaxacadiaadia.com\/index.php?rest_route=%2Fwp%2Fv2%2Ftags&post=222818"}],"curies":[{"name":"wp","href":"https:\/\/api.w.org\/{rel}","templated":true}]}}