{"id":222806,"date":"2026-04-27T09:53:58","date_gmt":"2026-04-27T15:53:58","guid":{"rendered":"https:\/\/oaxacadiaadia.com\/?p=222806"},"modified":"2026-04-27T09:53:59","modified_gmt":"2026-04-27T15:53:59","slug":"balacera-entre-transportistas","status":"publish","type":"post","link":"https:\/\/oaxacadiaadia.com\/?p=222806","title":{"rendered":"Balacera entre transportistas"},"content":{"rendered":"\n<figure class=\"wp-block-image size-full\"><a href=\"https:\/\/oaxacadiaadia.com\/wp-content\/uploads\/2026\/04\/Balacera-y-posible-despojo.jpg\"><img loading=\"lazy\" decoding=\"async\" width=\"405\" height=\"357\" src=\"https:\/\/oaxacadiaadia.com\/wp-content\/uploads\/2026\/04\/Balacera-y-posible-despojo.jpg\" alt=\"\" class=\"wp-image-222807\" srcset=\"https:\/\/oaxacadiaadia.com\/wp-content\/uploads\/2026\/04\/Balacera-y-posible-despojo.jpg 405w, https:\/\/oaxacadiaadia.com\/wp-content\/uploads\/2026\/04\/Balacera-y-posible-despojo-300x264.jpg 300w\" sizes=\"auto, (max-width: 405px) 100vw, 405px\" \/><\/a><\/figure>\n\n\n\n<p>*Ocurre balacera en la colonia La Fundici\u00f3n, cerca de domicilio del gobernador en Oaxaca<\/p>\n\n\n\n<p>*Participaron integrantes de organizaciones como Confederaci\u00f3n Joven, ASAEO y CATEM<\/p>\n\n\n\n<!--more-->\n\n\n\n<p>Oaxaca, Oaxaca, Lunes 27 de Abril, 2026, (Fuente: elpinero.mx).- La tarde de este domingo se registr\u00f3 una balacera en la colonia La Fundici\u00f3n, en la agencia municipal de San Mart\u00edn Mexicapan, en la capital del estado, a unos 100 metros del domicilio del gobernador.<\/p>\n\n\n\n<p>De acuerdo con reportes ciudadanos, en el hecho habr\u00edan participado presuntos integrantes de organizaciones de transportistas, como Confederaci\u00f3n Joven, ASAEO y CATEM, lo que gener\u00f3 una intensa movilizaci\u00f3n y detonaciones de arma de fuego en la zona.<\/p>\n\n\n\n<p>Testigos se\u00f1alaron que la situaci\u00f3n provoc\u00f3 temor entre la poblaci\u00f3n, por lo que varias personas corrieron para resguardarse y evitar ser alcanzadas por alguna bala perdida.<\/p>\n\n\n\n<p>El incidente ocurri\u00f3 en un \u00e1rea habitacional donde reside el mandatario estatal, lo que ha reactivado se\u00f1alamientos ciudadanos sobre las condiciones de seguridad en la zona.<\/p>\n\n\n\n<p>Hasta el momento no se ha informado de manera oficial sobre personas lesionadas o detenidas.<\/p>\n\n\n\n<p><strong>Tras balacera en la capital de Oaxaca, busca Fiscal\u00eda a transportistas<\/strong><\/p>\n\n\n\n<p>Por otra parte, tras irrupci\u00f3n violenta a un domicilio, detonaciones de armas de fuego y enfrentamiento entre sindicatos de transportistas en la capital, la Fiscal\u00eda General del Estado de Oaxaca identific\u00f3 y busca a los principales instigadores.<\/p>\n\n\n\n<p>Los hechos sucedieron este domingo por la tarde-noche en la colonia La Fundici\u00f3n, parte alta de la agencia de San Mart\u00edn Mexicapan y colindancia con la agencia de San Juan Chapultepec, en la capital de Oaxaca.<\/p>\n\n\n\n<p>\u201cLos hechos involucraron la presencia de un grupo de aproximadamente 100 personas y veh\u00edculos tipo volteo que presumiblemente forman parte de un sindicato identificado como ASAEO, quienes participaron en los hechos presumiblemente delictivos\u201d, inform\u00f3 la Fiscal\u00eda.<\/p>\n\n\n\n<p>Detall\u00f3 que a trav\u00e9s del Centro de Control, Comando, Comunicaci\u00f3n, Coordinaci\u00f3n e Inteligencia (C5i) perteneciente a la Secretar\u00eda de Seguridad P\u00fablica y Protecci\u00f3n Ciudadana, se dio seguimiento puntual y en tiempo real a la movilizaci\u00f3n.<\/p>\n\n\n\n<p>\u201cLas c\u00e1maras de videovigilancia documentaron diversas conductas delictivas, entre ellas la probable detonaci\u00f3n de armas de fuego y la irrupci\u00f3n violenta en un domicilio particular, donde el contingente realiz\u00f3 actos de vandalismo con el objetivo de extraer a una persona\u201d, detall\u00f3 en un comunicado.<\/p>\n\n\n\n<p>Indic\u00f3 que la intervenci\u00f3n inmediata de la Polic\u00eda Estatal, la Agencia Estatal de Investigaciones (AEI) y la Polic\u00eda Municipal, permiti\u00f3 el cese de las hostilidades y la dispersi\u00f3n de los involucrados.<\/p>\n\n\n\n<p>\u201cGracias al an\u00e1lisis forense de los videos y el material fotogr\u00e1fico obtenido, las autoridades cuentan ya con la identificaci\u00f3n de los principales part\u00edcipes en estos hechos, garantizando que no habr\u00e1 impunidad ante el quebranto de la paz p\u00fablica\u201d, expuso la instituci\u00f3n que encabeza Bernardo Rodr\u00edguez Alamilla.<\/p>\n\n\n\n<p>Desde la tarde se difundieron en medios sociales fotograf\u00edas y videos de la incursi\u00f3n de grupos armados, presuntamente de sindicatos de transportistas y de acuerdo con las versiones, se disputaban la ejecuci\u00f3n de una obra en esa zona; hasta esta ma\u00f1ana no se ha reportado ninguna detenci\u00f3n por esos hechos violentos.<\/p>\n\n\n\n<p><strong>Integrantes del sindicato ASAEO participaron en hechos delictivos<\/strong><\/p>\n\n\n\n<p>Por su parte, el Gabinete de Seguridad y la Fiscal\u00eda General del Estado de Oaxaca (FGEO) informan que, mediante la activaci\u00f3n de protocolos de actuaci\u00f3n inmediata, se atendi\u00f3 un reporte de disturbios en el crucero de La Fundici\u00f3n, perteneciente a la agencia de San Mart\u00edn Mexicapan, en la capital del estado.<\/p>\n\n\n\n<p>Los hechos involucraron la presencia de un grupo de aproximadamente 100 personas y veh\u00edculos tipo volteo que presumiblemente forman parte de un sindicato identificado como ASAEO, quienes participaron en los hechos presumiblemente delictivos.<\/p>\n\n\n\n<p>A trav\u00e9s del Centro de Control, Comando, Comunicaci\u00f3n, Coordinaci\u00f3n e Inteligencia (C5i) perteneciente a la Secretar\u00eda de Seguridad P\u00fablica y Protecci\u00f3n Ciudadana, se dio seguimiento puntual y en tiempo real a la movilizaci\u00f3n.<\/p>\n\n\n\n<p>Las c\u00e1maras de videovigilancia documentaron diversas conductas delictivas, entre ellas la probable detonaci\u00f3n de armas de fuego y la irrupci\u00f3n violenta en un domicilio particular, donde el contingente realiz\u00f3 actos de vandalismo con el objetivo de extraer a una persona.<\/p>\n\n\n\n<p>La intervenci\u00f3n inmediata de la Polic\u00eda Estatal, la Agencia Estatal de Investigaciones (AEI) y la Polic\u00eda Municipal, permiti\u00f3 el cese de las hostilidades y la dispersi\u00f3n de los involucrados. Gracias al an\u00e1lisis forense de los videos y el material fotogr\u00e1fico obtenido, las autoridades cuentan ya con la identificaci\u00f3n de los principales part\u00edcipes en estos hechos, garantizando que no habr\u00e1 impunidad ante el quebranto de la paz p\u00fablica.<\/p>\n\n\n\n<p><strong>\u201cSon el terror de la Pintores\u201d<\/strong><\/p>\n\n\n\n<figure class=\"wp-block-gallery has-nested-images columns-default is-cropped wp-block-gallery-1 is-layout-flex wp-block-gallery-is-layout-flex\">\n<figure class=\"wp-block-image size-large\"><a href=\"https:\/\/oaxacadiaadia.com\/wp-content\/uploads\/2026\/04\/Son-el-terror-de-la-Pintores-1.jpg\"><img loading=\"lazy\" decoding=\"async\" width=\"408\" height=\"306\" data-id=\"222808\" src=\"https:\/\/oaxacadiaadia.com\/wp-content\/uploads\/2026\/04\/Son-el-terror-de-la-Pintores-1.jpg\" alt=\"\" class=\"wp-image-222808\" srcset=\"https:\/\/oaxacadiaadia.com\/wp-content\/uploads\/2026\/04\/Son-el-terror-de-la-Pintores-1.jpg 408w, https:\/\/oaxacadiaadia.com\/wp-content\/uploads\/2026\/04\/Son-el-terror-de-la-Pintores-1-300x225.jpg 300w\" sizes=\"auto, (max-width: 408px) 100vw, 408px\" \/><\/a><\/figure>\n\n\n\n<figure class=\"wp-block-image size-large\"><a href=\"https:\/\/oaxacadiaadia.com\/wp-content\/uploads\/2026\/04\/Son-el-terror-de-la-Pintores-2.jpg\"><img loading=\"lazy\" decoding=\"async\" width=\"279\" height=\"400\" data-id=\"222810\" src=\"https:\/\/oaxacadiaadia.com\/wp-content\/uploads\/2026\/04\/Son-el-terror-de-la-Pintores-2.jpg\" alt=\"\" class=\"wp-image-222810\" srcset=\"https:\/\/oaxacadiaadia.com\/wp-content\/uploads\/2026\/04\/Son-el-terror-de-la-Pintores-2.jpg 279w, https:\/\/oaxacadiaadia.com\/wp-content\/uploads\/2026\/04\/Son-el-terror-de-la-Pintores-2-209x300.jpg 209w\" sizes=\"auto, (max-width: 279px) 100vw, 279px\" \/><\/a><\/figure>\n\n\n\n<figure class=\"wp-block-image size-large\"><a href=\"https:\/\/oaxacadiaadia.com\/wp-content\/uploads\/2026\/04\/Son-el-terror-de-la-Pintores-3.jpg\"><img loading=\"lazy\" decoding=\"async\" width=\"359\" height=\"404\" data-id=\"222809\" src=\"https:\/\/oaxacadiaadia.com\/wp-content\/uploads\/2026\/04\/Son-el-terror-de-la-Pintores-3.jpg\" alt=\"\" class=\"wp-image-222809\" srcset=\"https:\/\/oaxacadiaadia.com\/wp-content\/uploads\/2026\/04\/Son-el-terror-de-la-Pintores-3.jpg 359w, https:\/\/oaxacadiaadia.com\/wp-content\/uploads\/2026\/04\/Son-el-terror-de-la-Pintores-3-267x300.jpg 267w\" sizes=\"auto, (max-width: 359px) 100vw, 359px\" \/><\/a><\/figure>\n<\/figure>\n\n\n\n<p>Por otra parte, respecto al desalojo que la tarde de este domingo se realiz\u00f3 entre la colonia Pintores y La Fundici\u00f3n, los vecinos hicieron una denuncia p\u00fablica y demandaron la aclaraci\u00f3n que, las personas que est\u00e1n invadiendo el muro de La Fundici\u00f3n son personas que las conocen como las famosas \u201cMar\u00edas\u201d, protegidas por la organizaci\u00f3n Antorcha Campesinas, que por varios a\u00f1os han invadido las \u00e1reas verdes en la colonia, han despojado a vecinos de sus terrenos, abusando de la ignorancia de las personas.<\/p>\n\n\n\n<p>Seg\u00fan la denuncia p\u00fablica, gracias a esas personas, en la colonia no existe centro de salud, velatorio, quitaron un tramo del kinder y un buen espacio de \u00e1rea verde que pertenec\u00eda a la cancha, se lo vendieron a un particular, se adjudicaron de la galera de la colonia todo movimiento, comandas por las se\u00f1oras Mar\u00eda de Legaspi Valladares, Mar\u00eda Ramirez, Mar\u00eda Magdalena S\u00e1nchez Aquino, Carolina Legaspi y Jos\u00e9 Cruz Villavicencio, adem\u00e1s de algunos otros vecinos.<\/p>\n\n\n\n<p>Hacemos la aclaraci\u00f3n para que no se hagan v\u00edctimas, solas buscaron su mal y felicitamos al agente municipal y al gobierno porque desde hace mucho se debi\u00f3 actuar, ya que el muro es un patrimonio cultural reconocido por la INAH (Instituto Nacional de Antropolog\u00eda e Historia).<\/p>\n\n\n\n<p>Las pocas personas que las apoyan son obligadas, ya que son amenazadas que si no apoyan les quitaran su terreno, por tal motivo s\u00ed o s\u00ed tienen que apoyar.<\/p>\n\n\n\n<p>Por a\u00f1os dichas personas han sido el \u201cel terror de la Pintores\u201d y nunca nadie hab\u00eda actuado, as\u00ed es que, queridos lectores, no se dejen enga\u00f1ar, se hacen v\u00edctimas, pero son unas v\u00edboras.<\/p>\n","protected":false},"excerpt":{"rendered":"<p>*Ocurre balacera en la colonia La Fundici\u00f3n, cerca de domicilio del gobernador en Oaxaca *Participaron integrantes de organizaciones como Confederaci\u00f3n<\/p>\n","protected":false},"author":1,"featured_media":222807,"comment_status":"closed","ping_status":"closed","sticky":false,"template":"","format":"standard","meta":{"footnotes":""},"categories":[11,3,4],"tags":[],"class_list":["post-222806","post","type-post","status-publish","format-standard","has-post-thumbnail","hentry","category-capital","category-las-destacadas","category-policiaca"],"_links":{"self":[{"href":"https:\/\/oaxacadiaadia.com\/index.php?rest_route=\/wp\/v2\/posts\/222806","targetHints":{"allow":["GET"]}}],"collection":[{"href":"https:\/\/oaxacadiaadia.com\/index.php?rest_route=\/wp\/v2\/posts"}],"about":[{"href":"https:\/\/oaxacadiaadia.com\/index.php?rest_route=\/wp\/v2\/types\/post"}],"author":[{"embeddable":true,"href":"https:\/\/oaxacadiaadia.com\/index.php?rest_route=\/wp\/v2\/users\/1"}],"replies":[{"embeddable":true,"href":"https:\/\/oaxacadiaadia.com\/index.php?rest_route=%2Fwp%2Fv2%2Fcomments&post=222806"}],"version-history":[{"count":1,"href":"https:\/\/oaxacadiaadia.com\/index.php?rest_route=\/wp\/v2\/posts\/222806\/revisions"}],"predecessor-version":[{"id":222811,"href":"https:\/\/oaxacadiaadia.com\/index.php?rest_route=\/wp\/v2\/posts\/222806\/revisions\/222811"}],"wp:featuredmedia":[{"embeddable":true,"href":"https:\/\/oaxacadiaadia.com\/index.php?rest_route=\/wp\/v2\/media\/222807"}],"wp:attachment":[{"href":"https:\/\/oaxacadiaadia.com\/index.php?rest_route=%2Fwp%2Fv2%2Fmedia&parent=222806"}],"wp:term":[{"taxonomy":"category","embeddable":true,"href":"https:\/\/oaxacadiaadia.com\/index.php?rest_route=%2Fwp%2Fv2%2Fcategories&post=222806"},{"taxonomy":"post_tag","embeddable":true,"href":"https:\/\/oaxacadiaadia.com\/index.php?rest_route=%2Fwp%2Fv2%2Ftags&post=222806"}],"curies":[{"name":"wp","href":"https:\/\/api.w.org\/{rel}","templated":true}]}}