{"id":222792,"date":"2026-04-27T09:50:51","date_gmt":"2026-04-27T15:50:51","guid":{"rendered":"https:\/\/oaxacadiaadia.com\/?p=222792"},"modified":"2026-04-27T09:50:52","modified_gmt":"2026-04-27T15:50:52","slug":"realizan-policias-rescate-heroico-y-adverso","status":"publish","type":"post","link":"https:\/\/oaxacadiaadia.com\/?p=222792","title":{"rendered":"Realizan polic\u00edas rescate heroico y adverso"},"content":{"rendered":"\n<figure class=\"wp-block-image size-full\"><a href=\"https:\/\/oaxacadiaadia.com\/wp-content\/uploads\/2026\/04\/Realizan-policias-rescate-heroico-y-adverso-1.jpg\"><img loading=\"lazy\" decoding=\"async\" width=\"416\" height=\"312\" src=\"https:\/\/oaxacadiaadia.com\/wp-content\/uploads\/2026\/04\/Realizan-policias-rescate-heroico-y-adverso-1.jpg\" alt=\"\" class=\"wp-image-222793\" srcset=\"https:\/\/oaxacadiaadia.com\/wp-content\/uploads\/2026\/04\/Realizan-policias-rescate-heroico-y-adverso-1.jpg 416w, https:\/\/oaxacadiaadia.com\/wp-content\/uploads\/2026\/04\/Realizan-policias-rescate-heroico-y-adverso-1-300x225.jpg 300w\" sizes=\"auto, (max-width: 416px) 100vw, 416px\" \/><\/a><\/figure>\n\n\n\n<p>*No todos los polic\u00edas son malos: destacan labor de la polic\u00eda municipal de San Pablo Villa de Mitla en rescate nocturno<\/p>\n\n\n\n<!--more-->\n\n\n\n<p>San Pablo Villa de Mitla, Tlacolula, Oaxaca, Lunes 27 de Abril, 2026, (Fuente: Agencias).- Una vez m\u00e1s, elementos de la polic\u00eda municipal de San Pablo Villa de Mitla (del distrito de Tlacolula, regi\u00f3n Valles Centrales de Oaxaca) demostraron que su labor va m\u00e1s all\u00e1 de la vigilancia, al encabezar un operativo de rescate en condiciones adversas para salvar la vida de un joven extraviado en zona serrana.<\/p>\n\n\n\n<p>De acuerdo con el reporte oficial, la corporaci\u00f3n municipal, en coordinaci\u00f3n con el Comisariado Ejidal de la agencia Uni\u00f3n Zapata, atendi\u00f3 el llamado de auxilio tras recibir el aviso de que un grupo de personas se encontraba extraviado en el cerro de Uni\u00f3n Zapata, en el paraje conocido como La Pe\u00f1a.<\/p>\n\n\n\n<p>El operativo inici\u00f3 alrededor de las 21:30 horas del pasado s\u00e1bado, cuando elementos de la polic\u00eda municipal, junto con representantes de Bienes Ejidales, se internaron en la zona para iniciar la b\u00fasqueda de los j\u00f3venes, quienes no conoc\u00edan el terreno. Fue cerca de las 23:20 horas cuando localizaron a uno de ellos, quien alert\u00f3 que su acompa\u00f1ante hab\u00eda sufrido una ca\u00edda metros m\u00e1s abajo.<\/p>\n\n\n\n<figure class=\"wp-block-gallery has-nested-images columns-default is-cropped wp-block-gallery-1 is-layout-flex wp-block-gallery-is-layout-flex\">\n<figure class=\"wp-block-image size-large\"><a href=\"https:\/\/oaxacadiaadia.com\/wp-content\/uploads\/2026\/04\/Realizan-policias-rescate-heroico-y-adverso-2.jpg\"><img loading=\"lazy\" decoding=\"async\" width=\"416\" height=\"312\" data-id=\"222794\" src=\"https:\/\/oaxacadiaadia.com\/wp-content\/uploads\/2026\/04\/Realizan-policias-rescate-heroico-y-adverso-2.jpg\" alt=\"\" class=\"wp-image-222794\" srcset=\"https:\/\/oaxacadiaadia.com\/wp-content\/uploads\/2026\/04\/Realizan-policias-rescate-heroico-y-adverso-2.jpg 416w, https:\/\/oaxacadiaadia.com\/wp-content\/uploads\/2026\/04\/Realizan-policias-rescate-heroico-y-adverso-2-300x225.jpg 300w\" sizes=\"auto, (max-width: 416px) 100vw, 416px\" \/><\/a><\/figure>\n\n\n\n<figure class=\"wp-block-image size-large\"><a href=\"https:\/\/oaxacadiaadia.com\/wp-content\/uploads\/2026\/04\/Realizan-policias-rescate-heroico-y-adverso-3.jpg\"><img loading=\"lazy\" decoding=\"async\" width=\"423\" height=\"317\" data-id=\"222795\" src=\"https:\/\/oaxacadiaadia.com\/wp-content\/uploads\/2026\/04\/Realizan-policias-rescate-heroico-y-adverso-3.jpg\" alt=\"\" class=\"wp-image-222795\" srcset=\"https:\/\/oaxacadiaadia.com\/wp-content\/uploads\/2026\/04\/Realizan-policias-rescate-heroico-y-adverso-3.jpg 423w, https:\/\/oaxacadiaadia.com\/wp-content\/uploads\/2026\/04\/Realizan-policias-rescate-heroico-y-adverso-3-300x225.jpg 300w\" sizes=\"auto, (max-width: 423px) 100vw, 423px\" \/><\/a><\/figure>\n\n\n\n<figure class=\"wp-block-image size-large\"><a href=\"https:\/\/oaxacadiaadia.com\/wp-content\/uploads\/2026\/04\/Realizan-policias-rescate-heroico-y-adverso-4.jpg\"><img loading=\"lazy\" decoding=\"async\" width=\"312\" height=\"416\" data-id=\"222796\" src=\"https:\/\/oaxacadiaadia.com\/wp-content\/uploads\/2026\/04\/Realizan-policias-rescate-heroico-y-adverso-4.jpg\" alt=\"\" class=\"wp-image-222796\" srcset=\"https:\/\/oaxacadiaadia.com\/wp-content\/uploads\/2026\/04\/Realizan-policias-rescate-heroico-y-adverso-4.jpg 312w, https:\/\/oaxacadiaadia.com\/wp-content\/uploads\/2026\/04\/Realizan-policias-rescate-heroico-y-adverso-4-225x300.jpg 225w\" sizes=\"auto, (max-width: 312px) 100vw, 312px\" \/><\/a><\/figure>\n<\/figure>\n\n\n\n<p>Tras descender en condiciones complicadas, aproximadamente a las 00:00 horas lograron ubicar al segundo joven, identificado con iniciales A.S.A.A., de 17 a\u00f1os de edad y originario de la Villa de Zaachila, quien se encontraba consciente, pero con diversas lesiones que le imped\u00edan moverse, tras caer desde una altura considerable.<\/p>\n\n\n\n<p>El adolescente fue valorado de inmediato por la param\u00e9dico municipal; sin embargo, debido a lo accidentado del terreno, fue necesario solicitar el apoyo del Heroico Cuerpo de Bomberos de Oaxaca, quienes arribaron al lugar cerca de las 04:55 horas para reforzar las labores de rescate.<\/p>\n\n\n\n<p>Despu\u00e9s de varias horas de trabajo coordinado, se logr\u00f3 asegurar al lesionado y comenzar el descenso, llegando a tierra firme alrededor de las 08:00 horas, donde ya lo esperaban familiares y otros cuerpos de emergencia. Posteriormente, fue trasladado en la ambulancia municipal para recibir atenci\u00f3n m\u00e9dica especializada.<\/p>\n\n\n\n<p>El director de la polic\u00eda municipal, Francisco Javier Morales, junto con el comisionado de la Polic\u00eda Estatal en ese municipio, Francisco Javier L\u00f3pez, destacaron la importancia de la coordinaci\u00f3n entre corporaciones y exhortaron a la ciudadan\u00eda y visitantes a no internarse en senderos desconocidos sin el acompa\u00f1amiento de gu\u00edas certificados.<\/p>\n\n\n\n<p>Este tipo de acciones refuerzan la percepci\u00f3n positiva de la polic\u00eda municipal de Mitla, una corporaci\u00f3n que en reiteradas ocasiones ha sido reconocida por su compromiso con la ciudadan\u00eda. Cabe recordar que, durante 2025, elementos de esta misma corporaci\u00f3n arriesgaron su vida para recuperar un veh\u00edculo robado en la autopista Mitla\u2013Tehuantepec.<\/p>\n\n\n\n<p>La intervenci\u00f3n oportuna y el trabajo conjunto entre autoridades municipales, cuerpos de emergencia y comunidad evidencian el esfuerzo del Ayuntamiento de San Pablo Villa de Mitla, encabezado por el presidente municipal Esa\u00fa L\u00f3pez Quero, por fortalecer la seguridad y la atenci\u00f3n ciudadana en este importante destino tur\u00edstico de Oaxaca.<\/p>\n","protected":false},"excerpt":{"rendered":"<p>*No todos los polic\u00edas son malos: destacan labor de la polic\u00eda municipal de San Pablo Villa de Mitla en rescate<\/p>\n","protected":false},"author":1,"featured_media":222793,"comment_status":"closed","ping_status":"closed","sticky":false,"template":"","format":"standard","meta":{"footnotes":""},"categories":[3,7,14],"tags":[],"class_list":["post-222792","post","type-post","status-publish","format-standard","has-post-thumbnail","hentry","category-las-destacadas","category-municipal","category-titulares"],"_links":{"self":[{"href":"https:\/\/oaxacadiaadia.com\/index.php?rest_route=\/wp\/v2\/posts\/222792","targetHints":{"allow":["GET"]}}],"collection":[{"href":"https:\/\/oaxacadiaadia.com\/index.php?rest_route=\/wp\/v2\/posts"}],"about":[{"href":"https:\/\/oaxacadiaadia.com\/index.php?rest_route=\/wp\/v2\/types\/post"}],"author":[{"embeddable":true,"href":"https:\/\/oaxacadiaadia.com\/index.php?rest_route=\/wp\/v2\/users\/1"}],"replies":[{"embeddable":true,"href":"https:\/\/oaxacadiaadia.com\/index.php?rest_route=%2Fwp%2Fv2%2Fcomments&post=222792"}],"version-history":[{"count":1,"href":"https:\/\/oaxacadiaadia.com\/index.php?rest_route=\/wp\/v2\/posts\/222792\/revisions"}],"predecessor-version":[{"id":222797,"href":"https:\/\/oaxacadiaadia.com\/index.php?rest_route=\/wp\/v2\/posts\/222792\/revisions\/222797"}],"wp:featuredmedia":[{"embeddable":true,"href":"https:\/\/oaxacadiaadia.com\/index.php?rest_route=\/wp\/v2\/media\/222793"}],"wp:attachment":[{"href":"https:\/\/oaxacadiaadia.com\/index.php?rest_route=%2Fwp%2Fv2%2Fmedia&parent=222792"}],"wp:term":[{"taxonomy":"category","embeddable":true,"href":"https:\/\/oaxacadiaadia.com\/index.php?rest_route=%2Fwp%2Fv2%2Fcategories&post=222792"},{"taxonomy":"post_tag","embeddable":true,"href":"https:\/\/oaxacadiaadia.com\/index.php?rest_route=%2Fwp%2Fv2%2Ftags&post=222792"}],"curies":[{"name":"wp","href":"https:\/\/api.w.org\/{rel}","templated":true}]}}