{"id":222789,"date":"2026-04-27T09:49:59","date_gmt":"2026-04-27T15:49:59","guid":{"rendered":"https:\/\/oaxacadiaadia.com\/?p=222789"},"modified":"2026-04-27T09:58:31","modified_gmt":"2026-04-27T15:58:31","slug":"xoxo-una-ambulancia-y-4-paramedicos-para-todo-el-municipio","status":"publish","type":"post","link":"https:\/\/oaxacadiaadia.com\/?p=222789","title":{"rendered":"Xoxo: una ambulancia y 4 param\u00e9dicos para todo el municipio"},"content":{"rendered":"\n<figure class=\"wp-block-image size-full\"><a href=\"https:\/\/oaxacadiaadia.com\/wp-content\/uploads\/2026\/04\/Xoxo-una-ambulancia-y-4-paramedicos-para-todo-el-municipio-ok.jpg\"><img loading=\"lazy\" decoding=\"async\" width=\"405\" height=\"405\" src=\"https:\/\/oaxacadiaadia.com\/wp-content\/uploads\/2026\/04\/Xoxo-una-ambulancia-y-4-paramedicos-para-todo-el-municipio-ok.jpg\" alt=\"\" class=\"wp-image-222790\" srcset=\"https:\/\/oaxacadiaadia.com\/wp-content\/uploads\/2026\/04\/Xoxo-una-ambulancia-y-4-paramedicos-para-todo-el-municipio-ok.jpg 405w, https:\/\/oaxacadiaadia.com\/wp-content\/uploads\/2026\/04\/Xoxo-una-ambulancia-y-4-paramedicos-para-todo-el-municipio-ok-300x300.jpg 300w, https:\/\/oaxacadiaadia.com\/wp-content\/uploads\/2026\/04\/Xoxo-una-ambulancia-y-4-paramedicos-para-todo-el-municipio-ok-150x150.jpg 150w\" sizes=\"auto, (max-width: 405px) 100vw, 405px\" \/><\/a><\/figure>\n\n\n\n<p>*Una denuncia ciudadana en redes sociales expone la precariedad del sistema de emergencias y el perfil de quienes lo encabezan<\/p>\n\n\n\n<!--more-->\n\n\n\n<p>Oaxaca, Oaxaca, Lunes 27 de Abril, 2026, (Fuente: Froyl\u00e1n M\u00e9ndez Ferrer* \/ Agencia ANSIC.MX).- Un ordinario accidente de tr\u00e1nsito en el municipio de Santa Cruz Xoxocotl\u00e1n (cercano a la capital de Oaxaca) termin\u00f3 convertido en una denuncia p\u00fablica que incomoda al Ayuntamiento.<\/p>\n\n\n\n<p>Una ciudadana relat\u00f3 en Facebook, con nombre y rostro propios, c\u00f3mo su familiar fue atropellado por una camioneta de la Polic\u00eda Estatal cuyo conductor, se\u00f1ala, termin\u00f3 aceptando su culpa. Sin embargo, la situaci\u00f3n se agrav\u00f3 cuando lleg\u00f3 la ambulancia de Protecci\u00f3n Civil del municipio de Santa Cruz Xoxocotl\u00e1n.<\/p>\n\n\n\n<p>Seg\u00fan testimonio, quien se present\u00f3 como director del cuerpo param\u00e9dico exigi\u00f3 decidir unilateralmente el destino del traslado de un paciente con fractura, argumentando tener prisa porque el municipio entero operaba con una sola unidad.<\/p>\n\n\n\n<p>La denunciante lo describi\u00f3 como una persona de apariencia descuidada, con actitud prepotente y, seg\u00fan su percepci\u00f3n, con aparente aliento alcoh\u00f3lico, todo esto frente a polic\u00edas que presenciaron la escena sin intervenir.<\/p>\n\n\n\n<p>Est\u00e1 denuncia desvela la falta de inter\u00e9s de quien gobierna el municipio conurbano. El Censo 2020 registr\u00f3 m\u00e1s de 100,000 habitantes en Santa Cruz Xoxocotl\u00e1n, mientras que la Organizaci\u00f3n Mundial de la Salud establece un m\u00ednimo de una ambulancia por cada 25,000 personas aplicando ese criterio, Xoxocotl\u00e1n necesitar\u00eda al menos cuatro unidades para cumplir el est\u00e1ndar internacional m\u00e1s elemental.<\/p>\n\n\n\n<p>Los propios datos oficiales del ayuntamiento revelan que durante el operativo de Semana Santa 2026, Protecci\u00f3n Civil despleg\u00f3 apenas cuatro param\u00e9dicos para atender a toda la poblaci\u00f3n municipal, una cifra que confirma la precariedad estructural del servicio.<\/p>\n\n\n\n<p>La presidenta municipal Nancy Ben\u00edtez Z\u00e1rate tendr\u00eda que enfrentar la acusaci\u00f3n por negligencia y responder sobre: \u00bfcu\u00e1ntas ambulancias tiene realmente Xoxocotl\u00e1n?, \u00bfqui\u00e9n las dirige y bajo qu\u00e9 criterios? Si las acusaciones son falsas, demostrarlo es su obligaci\u00f3n. Si son ciertas, tambi\u00e9n.<\/p>\n\n\n\n<p>*Afiliado al SINMCO<\/p>\n","protected":false},"excerpt":{"rendered":"<p>*Una denuncia ciudadana en redes sociales expone la precariedad del sistema de emergencias y el perfil de quienes lo encabezan<\/p>\n","protected":false},"author":1,"featured_media":222790,"comment_status":"closed","ping_status":"closed","sticky":false,"template":"","format":"standard","meta":{"footnotes":""},"categories":[3,7,4,14],"tags":[],"class_list":["post-222789","post","type-post","status-publish","format-standard","has-post-thumbnail","hentry","category-las-destacadas","category-municipal","category-policiaca","category-titulares"],"_links":{"self":[{"href":"https:\/\/oaxacadiaadia.com\/index.php?rest_route=\/wp\/v2\/posts\/222789","targetHints":{"allow":["GET"]}}],"collection":[{"href":"https:\/\/oaxacadiaadia.com\/index.php?rest_route=\/wp\/v2\/posts"}],"about":[{"href":"https:\/\/oaxacadiaadia.com\/index.php?rest_route=\/wp\/v2\/types\/post"}],"author":[{"embeddable":true,"href":"https:\/\/oaxacadiaadia.com\/index.php?rest_route=\/wp\/v2\/users\/1"}],"replies":[{"embeddable":true,"href":"https:\/\/oaxacadiaadia.com\/index.php?rest_route=%2Fwp%2Fv2%2Fcomments&post=222789"}],"version-history":[{"count":1,"href":"https:\/\/oaxacadiaadia.com\/index.php?rest_route=\/wp\/v2\/posts\/222789\/revisions"}],"predecessor-version":[{"id":222791,"href":"https:\/\/oaxacadiaadia.com\/index.php?rest_route=\/wp\/v2\/posts\/222789\/revisions\/222791"}],"wp:featuredmedia":[{"embeddable":true,"href":"https:\/\/oaxacadiaadia.com\/index.php?rest_route=\/wp\/v2\/media\/222790"}],"wp:attachment":[{"href":"https:\/\/oaxacadiaadia.com\/index.php?rest_route=%2Fwp%2Fv2%2Fmedia&parent=222789"}],"wp:term":[{"taxonomy":"category","embeddable":true,"href":"https:\/\/oaxacadiaadia.com\/index.php?rest_route=%2Fwp%2Fv2%2Fcategories&post=222789"},{"taxonomy":"post_tag","embeddable":true,"href":"https:\/\/oaxacadiaadia.com\/index.php?rest_route=%2Fwp%2Fv2%2Ftags&post=222789"}],"curies":[{"name":"wp","href":"https:\/\/api.w.org\/{rel}","templated":true}]}}