{"id":222783,"date":"2026-04-27T09:48:37","date_gmt":"2026-04-27T15:48:37","guid":{"rendered":"https:\/\/oaxacadiaadia.com\/?p=222783"},"modified":"2026-04-27T09:48:38","modified_gmt":"2026-04-27T15:48:38","slug":"rehabilita-salomon-sistema-de-agua-potable","status":"publish","type":"post","link":"https:\/\/oaxacadiaadia.com\/?p=222783","title":{"rendered":"Rehabilita Salom\u00f3n sistema de agua potable"},"content":{"rendered":"\n<figure class=\"wp-block-image size-full\"><a href=\"https:\/\/oaxacadiaadia.com\/wp-content\/uploads\/2026\/04\/Rehabilita-Salomon-sistema-de-agua-potable-en-Tonameca.jpg\"><img loading=\"lazy\" decoding=\"async\" width=\"410\" height=\"274\" src=\"https:\/\/oaxacadiaadia.com\/wp-content\/uploads\/2026\/04\/Rehabilita-Salomon-sistema-de-agua-potable-en-Tonameca.jpg\" alt=\"\" class=\"wp-image-222784\" srcset=\"https:\/\/oaxacadiaadia.com\/wp-content\/uploads\/2026\/04\/Rehabilita-Salomon-sistema-de-agua-potable-en-Tonameca.jpg 410w, https:\/\/oaxacadiaadia.com\/wp-content\/uploads\/2026\/04\/Rehabilita-Salomon-sistema-de-agua-potable-en-Tonameca-300x200.jpg 300w\" sizes=\"auto, (max-width: 410px) 100vw, 410px\" \/><\/a><\/figure>\n\n\n\n<p>*Esta obra que requiri\u00f3 una inversi\u00f3n de 19 millones de pesos, beneficia a m\u00e1s de 1 mil 900 habitantes<\/p>\n\n\n\n<!--more-->\n\n\n\n<p>Santa Mar\u00eda Tonameca, Oaxaca, Lunes 27 de Abril, 2026, (Fuente: Comunicado).- A fin de llevar dignidad y justicia social a las comunidades, el gobernador Salom\u00f3n Jara Cruz inaugur\u00f3 la rehabilitaci\u00f3n del sistema de agua potable en Santa Mar\u00eda Tonameca (del distrito de Pochutla, regi\u00f3n Costa de Oaxaca), en beneficio de m\u00e1s de 1 mil 900 habitantes de este municipio.<\/p>\n\n\n\n<p>En su mensaje desde la Costa, el Mandatario estatal dio a conocer que esta obra requiri\u00f3 una inversi\u00f3n de 19 millones de pesos, de los cuales, 14 millones de pesos fueron financiados por la administraci\u00f3n estatal y 5 millones de pesos, por el Ayuntamiento.<\/p>\n\n\n\n<p>\u201cEn los 570 municipios estamos apoyando, lo que nunca antes se hac\u00eda hoy lo estamos realizando por una raz\u00f3n, Oaxaca estaba muy abandonado y olvidado\u201d, afirm\u00f3.<\/p>\n\n\n\n<p>Esta obra contempl\u00f3 la instalaci\u00f3n de m\u00e1s de 11 mil metros lineales de tuber\u00eda en las l\u00edneas de conducci\u00f3n y distribuci\u00f3n, 574 tomas domiciliarias, 15 cajas de v\u00e1lvulas de operaci\u00f3n y un m\u00faltiple de descarga; que permitir\u00e1n brindar un servicio m\u00e1s eficiente, continuo y de mejor calidad.<\/p>\n\n\n\n<p>Con esta Obra Primavera, se garantiza el derecho al agua, las familias tienen mejores condiciones de vida y las comunidades avanzan hacia el bienestar.<\/p>\n\n\n\n<p><strong>Con entrega de tinacos, Gobierno de Oaxaca garantiza el acceso al agua en San Pedro Pochutla<\/strong><\/p>\n\n\n\n<p>Por otra parte, desde la regi\u00f3n de la Costa, el Gobernador Salom\u00f3n Jara Cruz otorg\u00f3 tinacos del programa \u201cAgua para Todas y Todos\u201d, en beneficio de 500 familias m\u00e1s del municipio San Pedro Pochutla.<\/p>\n\n\n\n<p>El mandatario estatal destac\u00f3 que, con esta segunda entrega en la demarcaci\u00f3n, ya suman mil familias beneficiadas en diversas colonias, quienes ahora cuentan con infraestructura para almacenar el vital l\u00edquido durante la temporada de estiaje.<\/p>\n\n\n\n<p>Asimismo, inform\u00f3 que se realizar\u00e1 la rehabilitaci\u00f3n de una galer\u00eda filtrante mediante una coinversi\u00f3n de 10 millones de pesos, a fin de asegurar el suministro constante de agua para las y los pochutlecos.<\/p>\n\n\n\n<p>\u201cNuestro objetivo es que ya no se entreguen tinacos, sino que mediante la rehabilitaci\u00f3n de esta galer\u00eda tengan agua todos los d\u00edas de la semana y que no haga falta en sus casas\u201d, expres\u00f3 Jara Cruz.<\/p>\n\n\n\n<p>Adem\u00e1s, se pondr\u00e1n a disposici\u00f3n pipas para abastecer el recurso natural a las y los habitantes de la zona.<\/p>\n\n\n\n<p>Esta entrega representa un paso m\u00e1s para asegurar que el agua deje de ser una carencia y se convierta en un derecho garantizado de todas y todos.<\/p>\n\n\n\n<p><strong>Desmiente Protecci\u00f3n Civil informaci\u00f3n sobre supuestos servicios de emergencia<\/strong><\/p>\n\n\n\n<p>En otro contexto, la Coordinaci\u00f3n Estatal de Protecci\u00f3n Civil y Gesti\u00f3n de Riesgos (CEPCyGR), informa que es falsa la informaci\u00f3n que circula en redes sociales sobre supuestos servicios de ambulancias, traslados y atenci\u00f3n directa de emergencias que brinda esta dependencia.<\/p>\n\n\n\n<p>Por lo anterior, precisa que no tiene relaci\u00f3n con personas, grupos u organizaciones que ofrezcan este tipo de atenci\u00f3n.<\/p>\n\n\n\n<p>Se exhorta a la poblaci\u00f3n a no dejarse sorprender por informaci\u00f3n falsa o servicios no oficiales, y a mantenerse informada a trav\u00e9s de los canales institucionales.<\/p>\n\n\n\n<p>En caso de detectar situaciones irregulares o servicios que operen de manera indebida, la ciudadan\u00eda puede realizar su denuncia de forma an\u00f3nima a trav\u00e9s del n\u00famero 089.<\/p>\n","protected":false},"excerpt":{"rendered":"<p>*Esta obra que requiri\u00f3 una inversi\u00f3n de 19 millones de pesos, beneficia a m\u00e1s de 1 mil 900 habitantes<\/p>\n","protected":false},"author":1,"featured_media":222784,"comment_status":"closed","ping_status":"closed","sticky":false,"template":"","format":"standard","meta":{"footnotes":""},"categories":[11,3,7],"tags":[],"class_list":["post-222783","post","type-post","status-publish","format-standard","has-post-thumbnail","hentry","category-capital","category-las-destacadas","category-municipal"],"_links":{"self":[{"href":"https:\/\/oaxacadiaadia.com\/index.php?rest_route=\/wp\/v2\/posts\/222783","targetHints":{"allow":["GET"]}}],"collection":[{"href":"https:\/\/oaxacadiaadia.com\/index.php?rest_route=\/wp\/v2\/posts"}],"about":[{"href":"https:\/\/oaxacadiaadia.com\/index.php?rest_route=\/wp\/v2\/types\/post"}],"author":[{"embeddable":true,"href":"https:\/\/oaxacadiaadia.com\/index.php?rest_route=\/wp\/v2\/users\/1"}],"replies":[{"embeddable":true,"href":"https:\/\/oaxacadiaadia.com\/index.php?rest_route=%2Fwp%2Fv2%2Fcomments&post=222783"}],"version-history":[{"count":1,"href":"https:\/\/oaxacadiaadia.com\/index.php?rest_route=\/wp\/v2\/posts\/222783\/revisions"}],"predecessor-version":[{"id":222785,"href":"https:\/\/oaxacadiaadia.com\/index.php?rest_route=\/wp\/v2\/posts\/222783\/revisions\/222785"}],"wp:featuredmedia":[{"embeddable":true,"href":"https:\/\/oaxacadiaadia.com\/index.php?rest_route=\/wp\/v2\/media\/222784"}],"wp:attachment":[{"href":"https:\/\/oaxacadiaadia.com\/index.php?rest_route=%2Fwp%2Fv2%2Fmedia&parent=222783"}],"wp:term":[{"taxonomy":"category","embeddable":true,"href":"https:\/\/oaxacadiaadia.com\/index.php?rest_route=%2Fwp%2Fv2%2Fcategories&post=222783"},{"taxonomy":"post_tag","embeddable":true,"href":"https:\/\/oaxacadiaadia.com\/index.php?rest_route=%2Fwp%2Fv2%2Ftags&post=222783"}],"curies":[{"name":"wp","href":"https:\/\/api.w.org\/{rel}","templated":true}]}}