{"id":222726,"date":"2026-04-24T10:10:33","date_gmt":"2026-04-24T16:10:33","guid":{"rendered":"https:\/\/oaxacadiaadia.com\/?p=222726"},"modified":"2026-04-24T10:10:34","modified_gmt":"2026-04-24T16:10:34","slug":"aumentan-amenazas-de-tiroteos-en-escuelas-de-oaxaca","status":"publish","type":"post","link":"https:\/\/oaxacadiaadia.com\/?p=222726","title":{"rendered":"Aumentan amenazas de tiroteos en escuelas de Oaxaca"},"content":{"rendered":"\n<figure class=\"wp-block-image size-full\"><a href=\"https:\/\/oaxacadiaadia.com\/wp-content\/uploads\/2026\/04\/Aumentan-amenazas-de-tiroteos-en-escuelas-de-Oaxaca.jpg\"><img loading=\"lazy\" decoding=\"async\" width=\"408\" height=\"273\" src=\"https:\/\/oaxacadiaadia.com\/wp-content\/uploads\/2026\/04\/Aumentan-amenazas-de-tiroteos-en-escuelas-de-Oaxaca.jpg\" alt=\"\" class=\"wp-image-222727\" srcset=\"https:\/\/oaxacadiaadia.com\/wp-content\/uploads\/2026\/04\/Aumentan-amenazas-de-tiroteos-en-escuelas-de-Oaxaca.jpg 408w, https:\/\/oaxacadiaadia.com\/wp-content\/uploads\/2026\/04\/Aumentan-amenazas-de-tiroteos-en-escuelas-de-Oaxaca-300x201.jpg 300w\" sizes=\"auto, (max-width: 408px) 100vw, 408px\" \/><\/a><\/figure>\n\n\n\n<!--more-->\n\n\n\n<p>Oaxaca, Oaxaca, Viernes 24 de Abril, 2026, (Fuente: Lisbeth Mej\u00eda Reyes \/ Agencia Zona Roja).- Las amenazas de tiroteos en escuelas p\u00fablicas del estado de Oaxaca han aumentado en las \u00faltimas semanas.<\/p>\n\n\n\n<p>La reciente advertencia fue realizada este jueves en los sanitarios del Colegio de Bachilleres del Estado de Oaxaca (COBAO), plantel Pueblo Nuevo, en la capital del estado.<\/p>\n\n\n\n<p>El mensaje fechado el 23 de abril llama a no acudir el viernes, advirtiendo actos violentos.<\/p>\n\n\n\n<p>Esta misma semana, el d\u00eda 21, se difundi\u00f3 una amenaza en el Centro de Bachillerato Tecnol\u00f3gico Industrial y de Servicios (CBTIS) 26, en la avenida San Felipe, tambi\u00e9n de la capital de Oaxaca.<\/p>\n\n\n\n<p>La amenaza oblig\u00f3 a la direcci\u00f3n a suspender clases y a impedir el ingreso de botellas de alcohol, armas y estupefacientes.<\/p>\n\n\n\n<p>Antes del COBAO de Pueblo Nuevo, en este mismo sistema educativo se registr\u00f3 una amenaza similar en marzo de 2023, en el plantel El Espinal.<\/p>\n\n\n\n<p>En el pa\u00eds tambi\u00e9n se ha generado temor a ra\u00edz de hechos violentos en escuelas p\u00fablicas. El pasado mes de marzo, un adolescente de 15 a\u00f1os asesin\u00f3 a balazos a dos profesoras de una preparatoria de L\u00e1zaro C\u00e1rdenas, Michoac\u00e1n.<\/p>\n\n\n\n<p>En septiembre de 2025, ocurri\u00f3 otro ataque armado por parte de un estudiante de 19 a\u00f1os en el Colegio de Ciencias y Humanidades (CCH) Sur de la Universidad Nacional Aut\u00f3noma de M\u00e9xico (UNAM), en la capital del pa\u00eds. El joven acab\u00f3 con la vida de una persona e hiri\u00f3 a un trabajador.<\/p>\n\n\n\n<p><strong>Son rumores<\/strong><\/p>\n\n\n\n<p>Sin embargo, tras la difusi\u00f3n de la amenaza en el Cobao de Pueblo Nuevo y otras recientes en la entidad, el Gabinete de Seguridad y la Fiscal\u00eda General del Estado de Oaxaca (FGEO) han asegurado que se trata de falsas alarmas.<\/p>\n\n\n\n<p>\u201cQueremos ser enf\u00e1ticos con la poblaci\u00f3n: no hay motivo para el p\u00e1nico. Las corporaciones policiales han atendido de manera inmediata y puntual cada uno de los reportes emitidos por las instituciones educativas. Tras las inspecciones correspondientes, se ha confirmado que se trata de falsas alarmas\u201d, explicaron mediante un comunicado.<\/p>\n\n\n\n<p>Seg\u00fan la autoridad, estos mensajes \u201cresponden a un fen\u00f3meno de imitaci\u00f3n que se est\u00e1 registrando a nivel nacional, derivado de los lamentables hechos ocurridos recientemente en Teotihuac\u00e1n, donde un ciudadano canadiense perdi\u00f3 la vida\u201d.<\/p>\n\n\n\n<p>Como en Oaxaca, aseguraron que en otros estados se han difundido mensajes falsos que solamente \u201cbuscan generar miedo\u201d.<\/p>\n\n\n\n<p>El Gabinete de Seguridad llam\u00f3 de manera urgente a las madres, padres de familia y tutores a colaborar en la prevenci\u00f3n de estas conductas a trav\u00e9s del di\u00e1logo con sus hijas e hijos \u201csobre la gravedad de realizar este tipo de \u2018bromas\u2019 o amenazas, as\u00ed como las severas consecuencias legales y escolares que conllevan\u201d.<\/p>\n\n\n\n<p>Tambi\u00e9n pidi\u00f3 revisar las mochilas desde casa y frenar los rumores: \u201cEviten compartir fotograf\u00edas de estos mensajes en redes sociales o grupos de WhatsApp. Si detectan alguna amenaza, rep\u00f3rtenla de inmediato a las autoridades escolares y al n\u00famero de emergencias 9-1-1 del C5i\u201d.<\/p>\n\n\n\n<p>En tanto, al t\u00e9rmino de una actividad en el centro de la ciudad de Oaxaca, fue entrevistado el gobernador de Oaxaca, Salom\u00f3n Jara Cruz, quien igualmente desminti\u00f3 las amenazas y pidi\u00f3 a la sociedad y a la poblaci\u00f3n estudiantil mantener la calma.<\/p>\n\n\n\n<p><strong>Llama gabinete de seguridad y Fiscal\u00eda General a mantener la calma ante falsas amenazas en escuelas<\/strong><\/p>\n\n\n\n<p>En el mismo sentido, el Gabinete de Seguridad y la Fiscal\u00eda General del Estado de Oaxaca informan a la ciudadan\u00eda sobre la reciente aparici\u00f3n de mensajes en los sanitarios de diversas escuelas secundarias y preparatorias de la capital, en los cuales se advierte sobre supuestos actos de violencia al interior de los planteles.<\/p>\n\n\n\n<p>Queremos ser enf\u00e1ticos con la poblaci\u00f3n: no hay motivo para el p\u00e1nico. Las corporaciones policiales han atendido de manera inmediata y puntual cada uno de los reportes emitidos por las instituciones educativas. Tras las inspecciones correspondientes, se ha confirmado que se trata de falsas alarmas.<\/p>\n\n\n\n<p>Este tipo de conductas responden a un fen\u00f3meno de imitaci\u00f3n que se est\u00e1 registrando a nivel nacional, derivado de los lamentables hechos ocurridos recientemente en Teotihuac\u00e1n, donde un ciudadano canadiense perdi\u00f3 la vida.<\/p>\n\n\n\n<p>Otros estados de la Rep\u00fablica est\u00e1n enfrentando la misma ola de mensajes falsos que solo buscan generar miedo.<\/p>\n\n\n\n<p>Para detener esta desinformaci\u00f3n y evitar situaciones de riesgo, la colaboraci\u00f3n desde casa es fundamental. Por ello, el Gabinete de Seguridad hace un llamado urgente a las madres, padres de familia y tutores a seguir estas recomendaciones preventivas:<\/p>\n\n\n\n<p>Fomentar el di\u00e1logo: Hablen con sus hijas e hijos sobre la gravedad de realizar este tipo de \u201cbromas\u201d o amenazas, as\u00ed como las severas consecuencias legales y escolares que conllevan.<\/p>\n\n\n\n<p>Revisi\u00f3n de mochilas desde casa: Verifiquen diariamente qu\u00e9 art\u00edculos llevan sus hijos a la escuela antes de salir del hogar.<\/p>\n\n\n\n<p>Frenar los rumores: Eviten compartir fotograf\u00edas de estos mensajes en redes sociales o grupos de WhatsApp. Si detectan alguna amenaza, rep\u00f3rtenla de inmediato a las autoridades escolares y al n\u00famero de emergencias 9-1-1 del C5i.<\/p>\n\n\n\n<p>El gobierno del estado y el Gabinete de Seguridad mantienen una coordinaci\u00f3n estrecha con las autoridades educativas y continuar\u00e1n con los protocolos de vigilancia para garantizar la tranquilidad y la seguridad de las y los estudiantes oaxaque\u00f1os.<\/p>\n\n\n\n<p><strong>Lanzan estrategia de seguridad y fortalecimiento municipal en la Cuenca<\/strong><\/p>\n\n\n\n<p>Por otra parte, el gobierno del estado present\u00f3 este jueves la Estrategia \u201cFortalecimiento Municipal y Seguridad Ciudadana\u201d en la sede del municipio de San Juan Bautista Tuxtepec (regi\u00f3n Cuenca de Oaxaca), con la participaci\u00f3n de 22 presidencias municipales de la citada regi\u00f3n y la presencia de autoridades de los tres \u00f3rdenes de gobierno.<\/p>\n\n\n\n<p>La titular del Secretariado Ejecutivo del Sistema Estatal de Seguridad P\u00fablica (SESESP), Karina Bar\u00f3n Ortiz, encabez\u00f3 el encuentro y lo present\u00f3 como un esfuerzo interinstitucional entre el Poder Judicial y el Ejecutivo estatal orientado a capacitar a los servidores p\u00fablicos municipales en materia de derechos humanos, justicia alternativa, perspectiva de g\u00e9nero y seguridad ciudadana.<\/p>\n\n\n\n<p>\u201cS\u00f3lo as\u00ed podremos avanzar hacia instituciones m\u00e1s cercanas, m\u00e1s humanas y m\u00e1s eficaces\u201d, se\u00f1al\u00f3 Bar\u00f3n Ortiz ante presidentes municipales, s\u00edndicos, regidores, directivos y cuerpos de polic\u00eda municipal de la regi\u00f3n.<\/p>\n\n\n\n<p>La funcionaria sostuvo que la iniciativa responde a una directriz del gobernador Salom\u00f3n Jara Cruz de construir seguridad y paz desde el \u00e1mbito local, fortaleciendo las capacidades de los municipios.<\/p>\n\n\n\n<p>Plante\u00f3 que el conocimiento t\u00e9cnico ya no es suficiente y que los funcionarios deben actuar con sensibilidad social frente a fen\u00f3menos como la violencia de g\u00e9nero y el debilitamiento del tejido comunitario.<\/p>\n\n\n\n<p>Bar\u00f3n Ortiz llam\u00f3 a que los principios de derechos humanos, justicia alternativa y perspectiva de g\u00e9nero dejen de ser enunciados formales para traducirse en acciones concretas en la atenci\u00f3n que brindan los cuerpos policiales.<\/p>\n\n\n\n<p>Asimismo, en el actuar de s\u00edndicas, s\u00edndicos, regidoras y regidores, y en el liderazgo de las presidencias municipales.<\/p>\n\n\n\n<p>\u201cDeben reflejarse en cada acci\u00f3n de gobierno\u201d, sostuvo.<\/p>\n\n\n\n<p>La titular del SESESP advirti\u00f3 que la realidad social exige funcionarios mejor preparados, con pleno conocimiento del marco jur\u00eddico que rige sus responsabilidades y facultades, pero tambi\u00e9n de los derechos que asisten a la ciudadan\u00eda.<\/p>\n\n\n\n<p>En ese sentido, coloc\u00f3 la empat\u00eda con las problem\u00e1ticas comunitarias \u2014particularmente frente a la violencia de g\u00e9nero\u2014 como una competencia tan necesaria como el dominio t\u00e9cnico del cargo.<\/p>\n\n\n\n<p>En el evento estuvieron presentes la magistrada presidenta del Poder Judicial del Estado, Erika Mar\u00eda Rodr\u00edguez Rodr\u00edguez; la secretaria de las Mujeres, Rogelia Gonz\u00e1lez Luis; la subsecretaria de Fortalecimiento Municipal de la Secretar\u00eda de Gobierno, Mar\u00eda Fernanda Barbosa Sosa; el oficial mayor de la Secretar\u00eda de Seguridad y Protecci\u00f3n Ciudadana, Eduardo Xim\u00e9nez de Sandoval Fregoso; y la vicefiscal regional de la Cuenca del Papaloapan, Alejandra Abigail Rodr\u00edguez Trujillo, entre otros funcionarios. De las Fuerzas Armadas y la Guardia Nacional asistieron representantes adscritos a la regi\u00f3n.<\/p>\n","protected":false},"excerpt":{"rendered":"","protected":false},"author":1,"featured_media":222727,"comment_status":"closed","ping_status":"closed","sticky":false,"template":"","format":"standard","meta":{"footnotes":""},"categories":[11,3,7,13,4,14],"tags":[],"class_list":["post-222726","post","type-post","status-publish","format-standard","has-post-thumbnail","hentry","category-capital","category-las-destacadas","category-municipal","category-nacional","category-policiaca","category-titulares"],"_links":{"self":[{"href":"https:\/\/oaxacadiaadia.com\/index.php?rest_route=\/wp\/v2\/posts\/222726","targetHints":{"allow":["GET"]}}],"collection":[{"href":"https:\/\/oaxacadiaadia.com\/index.php?rest_route=\/wp\/v2\/posts"}],"about":[{"href":"https:\/\/oaxacadiaadia.com\/index.php?rest_route=\/wp\/v2\/types\/post"}],"author":[{"embeddable":true,"href":"https:\/\/oaxacadiaadia.com\/index.php?rest_route=\/wp\/v2\/users\/1"}],"replies":[{"embeddable":true,"href":"https:\/\/oaxacadiaadia.com\/index.php?rest_route=%2Fwp%2Fv2%2Fcomments&post=222726"}],"version-history":[{"count":1,"href":"https:\/\/oaxacadiaadia.com\/index.php?rest_route=\/wp\/v2\/posts\/222726\/revisions"}],"predecessor-version":[{"id":222728,"href":"https:\/\/oaxacadiaadia.com\/index.php?rest_route=\/wp\/v2\/posts\/222726\/revisions\/222728"}],"wp:featuredmedia":[{"embeddable":true,"href":"https:\/\/oaxacadiaadia.com\/index.php?rest_route=\/wp\/v2\/media\/222727"}],"wp:attachment":[{"href":"https:\/\/oaxacadiaadia.com\/index.php?rest_route=%2Fwp%2Fv2%2Fmedia&parent=222726"}],"wp:term":[{"taxonomy":"category","embeddable":true,"href":"https:\/\/oaxacadiaadia.com\/index.php?rest_route=%2Fwp%2Fv2%2Fcategories&post=222726"},{"taxonomy":"post_tag","embeddable":true,"href":"https:\/\/oaxacadiaadia.com\/index.php?rest_route=%2Fwp%2Fv2%2Ftags&post=222726"}],"curies":[{"name":"wp","href":"https:\/\/api.w.org\/{rel}","templated":true}]}}