{"id":222658,"date":"2026-04-23T09:36:25","date_gmt":"2026-04-23T15:36:25","guid":{"rendered":"https:\/\/oaxacadiaadia.com\/?p=222658"},"modified":"2026-04-23T09:36:25","modified_gmt":"2026-04-23T15:36:25","slug":"burocratas-y-lideres-sociales-acarreados-con-farid-acevedo","status":"publish","type":"post","link":"https:\/\/oaxacadiaadia.com\/?p=222658","title":{"rendered":"Bur\u00f3cratas y l\u00edderes sociales, acarreados con Farid Acevedo"},"content":{"rendered":"\n<figure class=\"wp-block-image size-full\"><a href=\"https:\/\/oaxacadiaadia.com\/wp-content\/uploads\/2026\/04\/Burocratas-y-lideres-sociales-acarreados-con-Farid-Acevedo.jpg\"><img loading=\"lazy\" decoding=\"async\" width=\"408\" height=\"408\" src=\"https:\/\/oaxacadiaadia.com\/wp-content\/uploads\/2026\/04\/Burocratas-y-lideres-sociales-acarreados-con-Farid-Acevedo.jpg\" alt=\"\" class=\"wp-image-222659\" srcset=\"https:\/\/oaxacadiaadia.com\/wp-content\/uploads\/2026\/04\/Burocratas-y-lideres-sociales-acarreados-con-Farid-Acevedo.jpg 408w, https:\/\/oaxacadiaadia.com\/wp-content\/uploads\/2026\/04\/Burocratas-y-lideres-sociales-acarreados-con-Farid-Acevedo-300x300.jpg 300w, https:\/\/oaxacadiaadia.com\/wp-content\/uploads\/2026\/04\/Burocratas-y-lideres-sociales-acarreados-con-Farid-Acevedo-150x150.jpg 150w\" sizes=\"auto, (max-width: 408px) 100vw, 408px\" \/><\/a><\/figure>\n\n\n\n<p>*Todo el que trabaje o cobre en el gobierno de Salom\u00f3n Jara tiene la obligaci\u00f3n de apoyar a quien busca ser rector de la Universidad Aut\u00f3noma \u201cBenito Ju\u00e1rez\u201d de Oaxaca<\/p>\n\n\n\n<!--more-->\n\n\n\n<p>Oaxaca, Oaxaca, Jueves 23 de Abril, 2026, (Fuente: Agencias y revistatucan.com).- La orden est\u00e1 dada: todo el que trabaje o cobre en el gobierno de Salom\u00f3n Jara tiene la obligaci\u00f3n de apoyar a Farid Acevedo en su intenci\u00f3n de ser rector de la Universidad Aut\u00f3noma \u201cBenito Ju\u00e1rez\u201d de Oaxaca (UABJO).<\/p>\n\n\n\n<p>As\u00ed, vemos a varios servidores p\u00fablicos del gobierno primaveral como asistentes \u201cespont\u00e1neos\u201d en los eventos del candidato oficial impulsado por el gobernador de Oaxaca.<\/p>\n\n\n\n<p>Igualmente, a conocidos l\u00edderes de organizaciones sociales \u201ccombativas y aut\u00f3nomas\u201d, como la UACOL (Uni\u00f3n de Artesanos y Comerciantes Oaxaque\u00f1os en Lucha) y el CNPL (Consejo Nacional de Pueblos en Lucha), se ven pasando lista de presente en el apoyo al candidato del jefe.<\/p>\n\n\n\n<p>En la lista est\u00e1n Erick G\u00f3mez Ram\u00edrez, titular de la unidad t\u00e9cnica de fiscalizaci\u00f3n y control del Congreso del estado, y Esmeralda Bautista, coordinadora de posicionamiento, vinculaci\u00f3n y desarrollo del Centro Cultural y de Convenciones de Oaxaca, adem\u00e1s de ser presidenta de la mesa directiva de los betaze\u00f1os radicados en Oaxaca.<\/p>\n\n\n\n<p>Igual destacan el ex presidiario Ad\u00e1n Mej\u00eda L\u00f3pez, l\u00edder de UACOL, y Pedro Garc\u00eda, eterno ex dirigente del FPR en Oaxaca y ahora representante del Consejo Nacional de Pueblos en Lucha (CNPL), ambos incrustados en la n\u00f3mina del Secretario de Gobierno, Jes\u00fas Romero L\u00f3pez.<\/p>\n\n\n\n<p>La exagerada intromisi\u00f3n oficial y el querer ganar por encima de la voluntad de los universitarios, tendr\u00e1 un costo muy alto para este gobierno lleno de verg\u00fcenza, nepotismo y opacidad.<\/p>\n\n\n\n<p><strong>An\u00e1lisis de finanzas p\u00fablicas y rumbo de la UABJO<\/strong><\/p>\n\n\n\n<p>Por otra parte, en el espacio de la entrevista, Farid Acevedo y Metztli Beltr\u00e1n abordaron temas clave relacionados con las finanzas p\u00fablicas de Oaxaca, as\u00ed como el escenario actual y las aspiraciones en torno a la Rector\u00eda de la Universidad Aut\u00f3noma Benito Ju\u00e1rez de Oaxaca (UABJO).<\/p>\n\n\n\n<p>Durante el di\u00e1logo, se destac\u00f3 la importancia de fortalecer la transparencia y eficiencia en el manejo de los recursos p\u00fablicos, en un contexto donde la estabilidad financiera del estado resulta fundamental para el desarrollo social y econ\u00f3mico de Oaxaca. Ambos coincidieron en que el uso responsable del presupuesto debe estar acompa\u00f1ado de mecanismos de rendici\u00f3n de cuentas que generen confianza ciudadana.<\/p>\n\n\n\n<p>En cuanto al tema universitario, se puso sobre la mesa el momento que vive la M\u00e1xima Casa de Estudios de la entidad, donde distintos perfiles han comenzado a tomar rumbo al proceso de renovaci\u00f3n de la Rector\u00eda. En ese sentido, se subray\u00f3 la necesidad de que dicho proceso se lleve a cabo con apertura, legalidad y con una visi\u00f3n acad\u00e9mica que priorice el fortalecimiento institucional.<\/p>\n\n\n\n<p>Asimismo, se reflexion\u00f3 sobre los retos que enfrenta la UABJO, entre ellos la consolidaci\u00f3n de su autonom\u00eda, la mejora en la calidad educativa y la estabilidad financiera, factores que ser\u00e1n determinantes en la elecci\u00f3n de su pr\u00f3xima autoridad.<\/p>\n\n\n\n<p>El espacio de entrevista permiti\u00f3 generar un intercambio de ideas sobre dos ejes fundamentales para el futuro de Oaxaca: el manejo de sus finanzas p\u00fablicas y el rumbo de su principal instituci\u00f3n educativa.<\/p>\n","protected":false},"excerpt":{"rendered":"<p>*Todo el que trabaje o cobre en el gobierno de Salom\u00f3n Jara tiene la obligaci\u00f3n de apoyar a quien busca<\/p>\n","protected":false},"author":1,"featured_media":222659,"comment_status":"closed","ping_status":"closed","sticky":false,"template":"","format":"standard","meta":{"footnotes":""},"categories":[11,3,5],"tags":[],"class_list":["post-222658","post","type-post","status-publish","format-standard","has-post-thumbnail","hentry","category-capital","category-las-destacadas","category-politica"],"_links":{"self":[{"href":"https:\/\/oaxacadiaadia.com\/index.php?rest_route=\/wp\/v2\/posts\/222658","targetHints":{"allow":["GET"]}}],"collection":[{"href":"https:\/\/oaxacadiaadia.com\/index.php?rest_route=\/wp\/v2\/posts"}],"about":[{"href":"https:\/\/oaxacadiaadia.com\/index.php?rest_route=\/wp\/v2\/types\/post"}],"author":[{"embeddable":true,"href":"https:\/\/oaxacadiaadia.com\/index.php?rest_route=\/wp\/v2\/users\/1"}],"replies":[{"embeddable":true,"href":"https:\/\/oaxacadiaadia.com\/index.php?rest_route=%2Fwp%2Fv2%2Fcomments&post=222658"}],"version-history":[{"count":1,"href":"https:\/\/oaxacadiaadia.com\/index.php?rest_route=\/wp\/v2\/posts\/222658\/revisions"}],"predecessor-version":[{"id":222660,"href":"https:\/\/oaxacadiaadia.com\/index.php?rest_route=\/wp\/v2\/posts\/222658\/revisions\/222660"}],"wp:featuredmedia":[{"embeddable":true,"href":"https:\/\/oaxacadiaadia.com\/index.php?rest_route=\/wp\/v2\/media\/222659"}],"wp:attachment":[{"href":"https:\/\/oaxacadiaadia.com\/index.php?rest_route=%2Fwp%2Fv2%2Fmedia&parent=222658"}],"wp:term":[{"taxonomy":"category","embeddable":true,"href":"https:\/\/oaxacadiaadia.com\/index.php?rest_route=%2Fwp%2Fv2%2Fcategories&post=222658"},{"taxonomy":"post_tag","embeddable":true,"href":"https:\/\/oaxacadiaadia.com\/index.php?rest_route=%2Fwp%2Fv2%2Ftags&post=222658"}],"curies":[{"name":"wp","href":"https:\/\/api.w.org\/{rel}","templated":true}]}}