{"id":221581,"date":"2026-03-14T22:10:27","date_gmt":"2026-03-15T04:10:27","guid":{"rendered":"https:\/\/oaxacadiaadia.com\/?p=221581"},"modified":"2026-03-14T22:10:28","modified_gmt":"2026-03-15T04:10:28","slug":"busca-salomon-controlar-la-uabjo-a-traves-de-su-ex-titular-de-finanzas","status":"publish","type":"post","link":"https:\/\/oaxacadiaadia.com\/?p=221581","title":{"rendered":"Busca Salom\u00f3n controlar la UABJO a trav\u00e9s de su ex titular de finanzas"},"content":{"rendered":"\n<figure class=\"wp-block-image size-full\"><a href=\"https:\/\/oaxacadiaadia.com\/wp-content\/uploads\/2026\/03\/Busca-Salomon-controlar-la-UABJO-a-traves-de-su-ex-titular-de-finanzas.jpg\"><img loading=\"lazy\" decoding=\"async\" width=\"402\" height=\"238\" src=\"https:\/\/oaxacadiaadia.com\/wp-content\/uploads\/2026\/03\/Busca-Salomon-controlar-la-UABJO-a-traves-de-su-ex-titular-de-finanzas.jpg\" alt=\"\" class=\"wp-image-221582\" srcset=\"https:\/\/oaxacadiaadia.com\/wp-content\/uploads\/2026\/03\/Busca-Salomon-controlar-la-UABJO-a-traves-de-su-ex-titular-de-finanzas.jpg 402w, https:\/\/oaxacadiaadia.com\/wp-content\/uploads\/2026\/03\/Busca-Salomon-controlar-la-UABJO-a-traves-de-su-ex-titular-de-finanzas-300x178.jpg 300w\" sizes=\"auto, (max-width: 402px) 100vw, 402px\" \/><\/a><\/figure>\n\n\n\n<p>*Renunci\u00f3 este viernes Farid Acevedo a la Secretar\u00eda de Finanzas del gobierno de Oaxaca para buscar la rector\u00eda de la UABJO<\/p>\n\n\n\n<!--more-->\n\n\n\n<p>Oaxaca, Oaxaca, S\u00e1bado 14 de Marzo, 2026, (Fuente: X: @jaimeguerrero08 y Agencia Zona Roja).- Farid Acevedo L\u00f3pez dej\u00f3 este viernes la titularidad de la Secretar\u00eda de Finanzas del gobierno del estado de Oaxaca, con el prop\u00f3sito de competir por la rector\u00eda de la Universidad Aut\u00f3noma \u201cBenito Ju\u00e1rez\u201d de Oaxaca (UABJO), confirmaron fuentes del ejecutivo estatal.<\/p>\n\n\n\n<p>Tras este primer anuncio, el gobernador Salom\u00f3n Jara Cruz anunci\u00f3 a Andrea Acevedo Merl\u00edn como encargada de despacho de la Secretar\u00eda de Finanzas del estado de Oaxaca, misma que fung\u00eda como subsecretaria en la misma dependencia.<\/p>\n\n\n\n<p>\u201cCon esta designaci\u00f3n, garantizamos continuidad y responsabilidad en el manejo de los recursos p\u00fablicos, cuidando buenas finanzas, orden y transparencia para que el trabajo del gobierno no se detenga y siga dando resultados para las familias oaxaque\u00f1as. Le deseo \u00e9xito en esta nueva encomienda en nuestra Primavera Oaxaque\u00f1a\u201d, expuso el gobernador.<\/p>\n\n\n\n<p>Por eso, la salida de Acevedo L\u00f3pez representa un reacomodo significativo en el gabinete del gobernador Salom\u00f3n Jara Cruz, del que el funcionario form\u00f3 parte desde el inicio de la administraci\u00f3n, en diciembre de 2022.<\/p>\n\n\n\n<p>Durante su gesti\u00f3n al frente de las finanzas estatales, el secretario present\u00f3 ante el Congreso local los paquetes econ\u00f3micos de 2024 y 2025, y report\u00f3 una reducci\u00f3n en la deuda p\u00fablica heredada de administraciones anteriores.<\/p>\n\n\n\n<p>El ahora aspirante a rector tiene v\u00ednculos acad\u00e9micos con la propia UABJO: cuenta con maestr\u00eda en Fiscal por esa casa de estudios, donde tambi\u00e9n se desempe\u00f1\u00f3 como catedr\u00e1tico de la Facultad de Contadur\u00eda y Administraci\u00f3n, as\u00ed como asesor general y secretario del Consejo T\u00e9cnico de la universidad.<\/p>\n\n\n\n<p>Antes de incorporarse al gabinete estatal, fue presidente municipal de San Pablo Huitzo entre enero y noviembre de 2022.<\/p>\n\n\n\n<p>Su renuncia se produce en el marco de lo que fuentes conocedoras del proceso electoral universitario se\u00f1alan como un requisito de la normativa interna: los aspirantes a la rector\u00eda deben separarse de cualquier cargo p\u00fablico al menos dos meses antes del inicio del proceso.<\/p>\n\n\n\n<p>La ley org\u00e1nica de la UABJO establece, adem\u00e1s, que para ser rector se requiere haberse desempe\u00f1ado como profesor o investigador de la instituci\u00f3n durante al menos tres a\u00f1os consecutivos e inmediatos al momento de la elecci\u00f3n, condici\u00f3n cuyo cumplimiento deber\u00e1 acreditar Acevedo L\u00f3pez ante la comisi\u00f3n electoral universitaria, dado el tiempo que estuvo separado de la docencia por el ejercicio del cargo p\u00fablico.<\/p>\n\n\n\n<p><strong>Confirman renuncia de Farid Acevedo a Finanzas; destacan logros<\/strong><\/p>\n\n\n\n<p>\u201cReconozco y agradezco su trabajo, responsabilidad y entrega durante el tiempo que form\u00f3 parte de nuestro gabinete. Su contribuci\u00f3n fue importante para mantener el orden en las finanzas p\u00fablicas y sostener las prioridades de la Primavera Oaxaque\u00f1a: el bienestar, la justicia social y la atenci\u00f3n a quienes m\u00e1s lo necesitan. Le deseo \u00e9xito en sus proyectos personales y profesionales. En Oaxaca, la transformaci\u00f3n no se detiene: seguimos trabajando en territorio y cumpli\u00e9ndole al pueblo\u201d.<\/p>\n\n\n\n<p>As\u00ed confirm\u00f3, por su parte, el gobernador Salom\u00f3n Jara Cruz la renuncia de Farid Acevedo L\u00f3pez a la Secretar\u00eda de Finanzas, a quien reconoci\u00f3 su esfuerzo y resultados en poco m\u00e1s de tres a\u00f1os al frente de la instituci\u00f3n.<\/p>\n\n\n\n<p>En su reciente informe ante el Congreso local, el entonces secretario de Finanzas destac\u00f3 que desde que asumi\u00f3 la titularidad de la Secretar\u00eda de Finanzas, ha enfocado su gesti\u00f3n en la disciplina fiscal, la transparencia y el fortalecimiento de la recaudaci\u00f3n propia, el manejo de la deuda p\u00fablica, la contenci\u00f3n del gasto y la evoluci\u00f3n de la inversi\u00f3n p\u00fablica, esto principalmente sin contratar un solo peso de deuda p\u00fablica.<\/p>\n\n\n\n<p>Expuso que entre las prioridades que se impulsaron est\u00e1n la atenci\u00f3n a los 150 municipios con mayor rezago y necesidades en el estado, sin descuidar al resto de los municipios.<\/p>\n\n\n\n<p>La estabilidad en la pol\u00edtica fiscal, incremento en la recaudaci\u00f3n y fortalecimiento de los ingresos; un presupuesto justo sin recurrir a endeudamiento.<\/p>\n\n\n\n<p>Asimismo, la mejora en las calificaciones crediticias por parte de organismos internacionales, que se fundamenta en una estrategia de disciplina financiera, transparencia y fortalecimiento de los ingresos propios.<\/p>\n\n\n\n<p>Uno de los logros t\u00e9cnicos m\u00e1s destacados es la implementaci\u00f3n de un param\u00e9trico de hasta 750 millones de pesos, que permiti\u00f3 que, ante sismos o huracanes, el estado reciba recursos de manera autom\u00e1tica sin los tr\u00e1mites burocr\u00e1ticos prolongados de a\u00f1os anteriores.<\/p>\n\n\n\n<p>Acevedo L\u00f3pez mantuvo asimismo la estabilidad de las finanzas estatales a pesar de las fluctuaciones en las participaciones federales (Ramo 28); se prioriz\u00f3 el uso responsable del gasto p\u00fablico, logrando cubrir compromisos con municipios y proveedores sin comprometer el futuro financiero del estado mediante deuda bancaria innecesaria.<\/p>\n\n\n\n<p>En materia recaudatoria, se ha implementado una modernizaci\u00f3n en los sistemas de cobro, facilitando el cumplimiento de obligaciones fiscales a trav\u00e9s de plataformas digitales<\/p>\n\n\n\n<p>Con respecto a la deuda p\u00fablica, se heredaron 35 mil 212 millones de pesos (17 mil 133 con instituciones financieras y 18 mil 079 con dependencias federales), de lo cual se han pagado en estos tres a\u00f1os 15 mil 014 mdp (6 mil 991 a instituciones financieras y 8 mil 023 a dependencias federales), siguiendo la pol\u00edtica de no endeudamiento ni cr\u00e9ditos a corto plazo.<\/p>\n\n\n\n<p>Esto se ha lo grado derivado de las mejoras recaudatorias, la propia contenci\u00f3n del gasto que ha permitido orientar el recurso a donde realmente debe aplicarse, gracias a esto se han obtenido este saneamiento de adeudos hist\u00f3ricos.<\/p>\n\n\n\n<p>La estrategia de egresos ha permitido que el ahorro generado por la austeridad se canalice a proyectos estrat\u00e9gicos, como referencia, en 2023 se autorizaron siete mil 624 mdp, en 2024 fueron nueve mil 688 mdp y en 2025, sumaron 12 mil 422 mdp, todo esto sin endeudar al estado.<\/p>\n","protected":false},"excerpt":{"rendered":"<p>*Renunci\u00f3 este viernes Farid Acevedo a la Secretar\u00eda de Finanzas del gobierno de Oaxaca para buscar la rector\u00eda de la<\/p>\n","protected":false},"author":1,"featured_media":221582,"comment_status":"closed","ping_status":"closed","sticky":false,"template":"","format":"standard","meta":{"footnotes":""},"categories":[11,3,5,14],"tags":[],"class_list":["post-221581","post","type-post","status-publish","format-standard","has-post-thumbnail","hentry","category-capital","category-las-destacadas","category-politica","category-titulares"],"_links":{"self":[{"href":"https:\/\/oaxacadiaadia.com\/index.php?rest_route=\/wp\/v2\/posts\/221581","targetHints":{"allow":["GET"]}}],"collection":[{"href":"https:\/\/oaxacadiaadia.com\/index.php?rest_route=\/wp\/v2\/posts"}],"about":[{"href":"https:\/\/oaxacadiaadia.com\/index.php?rest_route=\/wp\/v2\/types\/post"}],"author":[{"embeddable":true,"href":"https:\/\/oaxacadiaadia.com\/index.php?rest_route=\/wp\/v2\/users\/1"}],"replies":[{"embeddable":true,"href":"https:\/\/oaxacadiaadia.com\/index.php?rest_route=%2Fwp%2Fv2%2Fcomments&post=221581"}],"version-history":[{"count":1,"href":"https:\/\/oaxacadiaadia.com\/index.php?rest_route=\/wp\/v2\/posts\/221581\/revisions"}],"predecessor-version":[{"id":221583,"href":"https:\/\/oaxacadiaadia.com\/index.php?rest_route=\/wp\/v2\/posts\/221581\/revisions\/221583"}],"wp:featuredmedia":[{"embeddable":true,"href":"https:\/\/oaxacadiaadia.com\/index.php?rest_route=\/wp\/v2\/media\/221582"}],"wp:attachment":[{"href":"https:\/\/oaxacadiaadia.com\/index.php?rest_route=%2Fwp%2Fv2%2Fmedia&parent=221581"}],"wp:term":[{"taxonomy":"category","embeddable":true,"href":"https:\/\/oaxacadiaadia.com\/index.php?rest_route=%2Fwp%2Fv2%2Fcategories&post=221581"},{"taxonomy":"post_tag","embeddable":true,"href":"https:\/\/oaxacadiaadia.com\/index.php?rest_route=%2Fwp%2Fv2%2Ftags&post=221581"}],"curies":[{"name":"wp","href":"https:\/\/api.w.org\/{rel}","templated":true}]}}