{"id":221578,"date":"2026-03-14T22:09:14","date_gmt":"2026-03-15T04:09:14","guid":{"rendered":"https:\/\/oaxacadiaadia.com\/?p=221578"},"modified":"2026-03-14T22:09:14","modified_gmt":"2026-03-15T04:09:14","slug":"buscan-crear-biblioteca-especializada-en-periodismo","status":"publish","type":"post","link":"https:\/\/oaxacadiaadia.com\/?p=221578","title":{"rendered":"Buscan crear biblioteca especializada en periodismo"},"content":{"rendered":"\n<figure class=\"wp-block-image size-full\"><a href=\"https:\/\/oaxacadiaadia.com\/wp-content\/uploads\/2026\/03\/Buscan-crear-biblioteca-especializada-en-periodismo.jpg\"><img loading=\"lazy\" decoding=\"async\" width=\"405\" height=\"304\" src=\"https:\/\/oaxacadiaadia.com\/wp-content\/uploads\/2026\/03\/Buscan-crear-biblioteca-especializada-en-periodismo.jpg\" alt=\"\" class=\"wp-image-221579\" srcset=\"https:\/\/oaxacadiaadia.com\/wp-content\/uploads\/2026\/03\/Buscan-crear-biblioteca-especializada-en-periodismo.jpg 405w, https:\/\/oaxacadiaadia.com\/wp-content\/uploads\/2026\/03\/Buscan-crear-biblioteca-especializada-en-periodismo-300x225.jpg 300w\" sizes=\"auto, (max-width: 405px) 100vw, 405px\" \/><\/a><\/figure>\n\n\n\n<!--more-->\n\n\n\n<p>Oaxaca, Oaxaca, S\u00e1bado 14 de Marzo, 2026, (Fuente: Comunicado).- El Conversatorio de Periodismo, el Club de Lectura \u201cWilfrido L\u00f3pez Torres\u201d y la Hemeroteca P\u00fablica de Oaxaca \u201cN\u00e9stor S\u00e1nchez Hern\u00e1ndez\u201d (ubicada en el Centro Hist\u00f3rico de la capital de Oaxaca) presentaron una campa\u00f1a de donaci\u00f3n de libros de periodismo, comunicaci\u00f3n, dise\u00f1o gr\u00e1fico y mercadotecnia que busca crear la primera biblioteca p\u00fablica especializada en estas \u00e1reas en el estado.<\/p>\n\n\n\n<p>En conferencia de prensa, los organizadores de la iniciativa explicaron que la jornada de donaci\u00f3n iniciar\u00e1 el pr\u00f3ximo 16 de marzo y tendr\u00e1 una duraci\u00f3n de tres meses con el fin de reunir materiales de consulta que puedan ser utilizados por estudiantes, periodistas y personas interesadas en el estudio de estas profesiones.<\/p>\n\n\n\n<p>El director de la Hemeroteca P\u00fablica de Oaxaca \u201cNestor S\u00e1nchez Hern\u00e1ndez\u201d, Kevin Gonzalo Bautista L\u00f3pez, explic\u00f3 que las obras editoriales ser\u00e1n recibidas en esta instituci\u00f3n y posteriormente se har\u00e1 la catalogaci\u00f3n y organizaci\u00f3n del acervo recibido para que est\u00e9 disponible para consulta p\u00fablica.<\/p>\n\n\n\n<p>Por su parte, la periodista Yolanda Peach, coordinadora del Club de Lectura \u201cWilfrido L\u00f3pez Torres\u201d, destac\u00f3 que, ante los desaf\u00edos actuales frente a la circulaci\u00f3n de informaci\u00f3n, resulta fundamental fortalecer la formaci\u00f3n y profesionalizaci\u00f3n permanente de quienes ejercen el periodismo.<\/p>\n\n\n\n<p>\u201cEn un contexto marcado por la difusi\u00f3n de informaci\u00f3n sin verificar es importante generar contenidos sustentados en criterios \u00e9ticos, rigor profesional y responsabilidad social, de ah\u00ed que periodistas y estudiantes tengan herramientas para su preparaci\u00f3n y actualizaci\u00f3n para fortalecer la calidad del trabajo period\u00edstico y ofrecer a las audiencias\u201d, agreg\u00f3.<\/p>\n\n\n\n<p>Por su parte, la coordinadora Administrativa del Conversatorio de Periodismo, Isabel Bautista Aguilar, precis\u00f3 que la campa\u00f1a de donaci\u00f3n permanecer\u00e1 abierta durante tres meses y pueden solicitar informes al WhatsApp 951 615 4275 y 811 584 0481 como a los correos electr\u00f3nicos hemerotecapublicadeoaxacansh@gmail.com y <a href=\"mailto:franciscosanchezhernandez@yahoo.com.mx\">franciscosanchezhernandez@yahoo.com.mx<\/a>.<\/p>\n","protected":false},"excerpt":{"rendered":"","protected":false},"author":1,"featured_media":221579,"comment_status":"closed","ping_status":"closed","sticky":false,"template":"","format":"standard","meta":{"footnotes":""},"categories":[8,3,14],"tags":[],"class_list":["post-221578","post","type-post","status-publish","format-standard","has-post-thumbnail","hentry","category-cultura","category-las-destacadas","category-titulares"],"_links":{"self":[{"href":"https:\/\/oaxacadiaadia.com\/index.php?rest_route=\/wp\/v2\/posts\/221578","targetHints":{"allow":["GET"]}}],"collection":[{"href":"https:\/\/oaxacadiaadia.com\/index.php?rest_route=\/wp\/v2\/posts"}],"about":[{"href":"https:\/\/oaxacadiaadia.com\/index.php?rest_route=\/wp\/v2\/types\/post"}],"author":[{"embeddable":true,"href":"https:\/\/oaxacadiaadia.com\/index.php?rest_route=\/wp\/v2\/users\/1"}],"replies":[{"embeddable":true,"href":"https:\/\/oaxacadiaadia.com\/index.php?rest_route=%2Fwp%2Fv2%2Fcomments&post=221578"}],"version-history":[{"count":1,"href":"https:\/\/oaxacadiaadia.com\/index.php?rest_route=\/wp\/v2\/posts\/221578\/revisions"}],"predecessor-version":[{"id":221580,"href":"https:\/\/oaxacadiaadia.com\/index.php?rest_route=\/wp\/v2\/posts\/221578\/revisions\/221580"}],"wp:featuredmedia":[{"embeddable":true,"href":"https:\/\/oaxacadiaadia.com\/index.php?rest_route=\/wp\/v2\/media\/221579"}],"wp:attachment":[{"href":"https:\/\/oaxacadiaadia.com\/index.php?rest_route=%2Fwp%2Fv2%2Fmedia&parent=221578"}],"wp:term":[{"taxonomy":"category","embeddable":true,"href":"https:\/\/oaxacadiaadia.com\/index.php?rest_route=%2Fwp%2Fv2%2Fcategories&post=221578"},{"taxonomy":"post_tag","embeddable":true,"href":"https:\/\/oaxacadiaadia.com\/index.php?rest_route=%2Fwp%2Fv2%2Ftags&post=221578"}],"curies":[{"name":"wp","href":"https:\/\/api.w.org\/{rel}","templated":true}]}}