{"id":221576,"date":"2026-03-14T22:07:49","date_gmt":"2026-03-15T04:07:49","guid":{"rendered":"https:\/\/oaxacadiaadia.com\/?p=221576"},"modified":"2026-03-14T22:07:49","modified_gmt":"2026-03-15T04:07:49","slug":"matan-a-balazos-a-6-en-las-ultimas-horas","status":"publish","type":"post","link":"https:\/\/oaxacadiaadia.com\/?p=221576","title":{"rendered":"Matan a balazos a 6 en las \u00faltimas horas"},"content":{"rendered":"\n<figure class=\"wp-block-image size-full\"><a href=\"http:\/\/oaxacadiaadia.com\/wp-content\/uploads\/2019\/11\/acordonamiento-de-la-escena-del-crimen.jpg\"><img loading=\"lazy\" decoding=\"async\" width=\"410\" height=\"205\" src=\"http:\/\/oaxacadiaadia.com\/wp-content\/uploads\/2019\/11\/acordonamiento-de-la-escena-del-crimen.jpg\" alt=\"\" class=\"wp-image-103832\" srcset=\"https:\/\/oaxacadiaadia.com\/wp-content\/uploads\/2019\/11\/acordonamiento-de-la-escena-del-crimen.jpg 410w, https:\/\/oaxacadiaadia.com\/wp-content\/uploads\/2019\/11\/acordonamiento-de-la-escena-del-crimen-300x150.jpg 300w\" sizes=\"auto, (max-width: 410px) 100vw, 410px\" \/><\/a><\/figure>\n\n\n\n<!--more-->\n\n\n\n<p>Oaxaca, Oaxaca, S\u00e1bado 14 de Marzo, 2026, (Fuente: Agencia Zona Roja).- Al menos seis personas fueron asesinadas a balazos entre las \u00faltimas horas del jueves y las primeras del viernes en Oaxaca, en hechos distintos ocurridos en las regiones Mixteca, Costa y Sierra Sur.<\/p>\n\n\n\n<p>El jueves por la tarde, sujetos armados dispararon y privaron de la vida a cuatro personas, en la calle Porfirio D\u00edaz de San Mateo Nej\u00e1pam, municipio del distrito de Silacayo\u00e1pam, en la regi\u00f3n Mixteca.<\/p>\n\n\n\n<p>Las v\u00edctimas fueron identificadas como los hermanos C. G. C., de 47 a\u00f1os de edad, y F. G. C., de 44 a\u00f1os, as\u00ed como B. M. G., de 26 a\u00f1os de edad y A. P. Z.; este \u00faltimo perdi\u00f3 la vida anoche en un hospital.<\/p>\n\n\n\n<p>Los agresores lograron darse a la fuga a bordo de un veh\u00edculo, con rumbo al estado vecino de Guerrero; hasta el momento no hay personas detenidas.<\/p>\n\n\n\n<p>Mientras tanto, en la sede de la Guardia Nacional ubicada en la zona militar de Miahuatl\u00e1n de Porfirio D\u00edaz, un elemento muri\u00f3 de manera accidental a causa de disparos por arma de fuego.<\/p>\n\n\n\n<p>Durante un adiestramiento, el instrumento recibi\u00f3 los impactos de bala por parte de un elemento, por lo cual fue trasladado a un hospital, donde muri\u00f3; hasta el momento la corporaci\u00f3n federal ha guardado hermetismo al respecto.<\/p>\n\n\n\n<p>Mientras que la ma\u00f1ana de este viernes, un individuo fue ejecutado a balazos en el centro del municipio de San Gabriel Mixtepec, del distrito de Juquila, regi\u00f3n Costa.<\/p>\n\n\n\n<p>Hasta el momento la v\u00edctima no ha sido identificada y tampoco se conoce el m\u00f3vil del crimen.<\/p>\n\n\n\n<p>Todos los casos son investigados por personal de la Fiscal\u00eda General del Estado de Oaxaca.<\/p>\n","protected":false},"excerpt":{"rendered":"","protected":false},"author":1,"featured_media":103832,"comment_status":"closed","ping_status":"closed","sticky":false,"template":"","format":"standard","meta":{"footnotes":""},"categories":[3,7,4],"tags":[],"class_list":["post-221576","post","type-post","status-publish","format-standard","has-post-thumbnail","hentry","category-las-destacadas","category-municipal","category-policiaca"],"_links":{"self":[{"href":"https:\/\/oaxacadiaadia.com\/index.php?rest_route=\/wp\/v2\/posts\/221576","targetHints":{"allow":["GET"]}}],"collection":[{"href":"https:\/\/oaxacadiaadia.com\/index.php?rest_route=\/wp\/v2\/posts"}],"about":[{"href":"https:\/\/oaxacadiaadia.com\/index.php?rest_route=\/wp\/v2\/types\/post"}],"author":[{"embeddable":true,"href":"https:\/\/oaxacadiaadia.com\/index.php?rest_route=\/wp\/v2\/users\/1"}],"replies":[{"embeddable":true,"href":"https:\/\/oaxacadiaadia.com\/index.php?rest_route=%2Fwp%2Fv2%2Fcomments&post=221576"}],"version-history":[{"count":1,"href":"https:\/\/oaxacadiaadia.com\/index.php?rest_route=\/wp\/v2\/posts\/221576\/revisions"}],"predecessor-version":[{"id":221577,"href":"https:\/\/oaxacadiaadia.com\/index.php?rest_route=\/wp\/v2\/posts\/221576\/revisions\/221577"}],"wp:featuredmedia":[{"embeddable":true,"href":"https:\/\/oaxacadiaadia.com\/index.php?rest_route=\/wp\/v2\/media\/103832"}],"wp:attachment":[{"href":"https:\/\/oaxacadiaadia.com\/index.php?rest_route=%2Fwp%2Fv2%2Fmedia&parent=221576"}],"wp:term":[{"taxonomy":"category","embeddable":true,"href":"https:\/\/oaxacadiaadia.com\/index.php?rest_route=%2Fwp%2Fv2%2Fcategories&post=221576"},{"taxonomy":"post_tag","embeddable":true,"href":"https:\/\/oaxacadiaadia.com\/index.php?rest_route=%2Fwp%2Fv2%2Ftags&post=221576"}],"curies":[{"name":"wp","href":"https:\/\/api.w.org\/{rel}","templated":true}]}}