{"id":221573,"date":"2026-03-14T22:06:58","date_gmt":"2026-03-15T04:06:58","guid":{"rendered":"https:\/\/oaxacadiaadia.com\/?p=221573"},"modified":"2026-03-14T22:13:08","modified_gmt":"2026-03-15T04:13:08","slug":"oaxaca-inicio-y-cerro-la-semana-con-protestas","status":"publish","type":"post","link":"https:\/\/oaxacadiaadia.com\/?p=221573","title":{"rendered":"Oaxaca inici\u00f3 y cerr\u00f3 la semana con protestas"},"content":{"rendered":"\n<figure class=\"wp-block-image size-full\"><a href=\"https:\/\/oaxacadiaadia.com\/wp-content\/uploads\/2026\/03\/Oaxaca-inicio-y-cerro-la-semana-con-protestas.jpg\"><img loading=\"lazy\" decoding=\"async\" width=\"405\" height=\"228\" src=\"https:\/\/oaxacadiaadia.com\/wp-content\/uploads\/2026\/03\/Oaxaca-inicio-y-cerro-la-semana-con-protestas.jpg\" alt=\"\" class=\"wp-image-221574\" srcset=\"https:\/\/oaxacadiaadia.com\/wp-content\/uploads\/2026\/03\/Oaxaca-inicio-y-cerro-la-semana-con-protestas.jpg 405w, https:\/\/oaxacadiaadia.com\/wp-content\/uploads\/2026\/03\/Oaxaca-inicio-y-cerro-la-semana-con-protestas-300x169.jpg 300w\" sizes=\"auto, (max-width: 405px) 100vw, 405px\" \/><\/a><\/figure>\n\n\n\n<!--more-->\n\n\n\n<p>Oaxaca, Oaxaca, S\u00e1bado 14 de Marzo, 2026, (Fuente: Lisbeth Mej\u00eda Reyes \/ Agencia Zona Roja).- Con dos protestas en la capital oaxaque\u00f1a, la entidad cerr\u00f3 la semana con un c\u00famulo de manifestaciones de diversos sectores de la sociedad que exigen a los gobiernos estatal y federal atenci\u00f3n a sus demandas sociales, laborales y acad\u00e9micas.<\/p>\n\n\n\n<p>Este viernes, docentes, alumnos y egresados de la Universidad Intercultural del Pueblo de Oaxaca (UIP) marcharon y bloquearon la calzada Porfirio D\u00edaz para exigir al gobierno estatal la entrega de certificados de estudios, transparentar recursos y la contrataci\u00f3n del total de la plantilla docente, demandas pendientes desde el 2025.<\/p>\n\n\n\n<p>Otra de las protestas fue la de organizaciones sociales frente al Palacio de Gobierno para exigir la presentaci\u00f3n con vida de Jorge Antonio Procopio, integrante del Consejo Nacional de Pueblos en Lucha, y su hermano Sa\u00fal Antonio.<\/p>\n\n\n\n<p>Ambos fueron desaparecidos este jueves tras la incursi\u00f3n de un comando armado a su domicilio y en presencia de los familiares de ambos, en la colonia San Juan del R\u00edo, municipio de Santa Mar\u00eda Jacatepec, regi\u00f3n Cuenca del Papaloapan. Las organizaciones tambi\u00e9n exigieron seguridad para las familias de los defensores chinantecos.<\/p>\n\n\n\n<p>Por la aparici\u00f3n de los defensores tambi\u00e9n se ha pronunciado la Secci\u00f3n 22 de la Coordinadora y del Sindicato Nacional de Trabajadores de la Educaci\u00f3n (CNTE-SNTE).<\/p>\n\n\n\n<p><strong>Concluyen protestas<\/strong><\/p>\n\n\n\n<p>Luego de cuatro d\u00edas, este jueves concluy\u00f3 la protesta por parte de comuneros de Santa Mar\u00eda Colotepec en supercarretera Barranca Larga -Ventanilla (Oaxaca-Puerto Escondido), quienes exig\u00edan al gobierno federal el cumplimiento de diversos compromisos por permitir el paso de la v\u00eda en su zona. La protesta abarc\u00f3 la retenci\u00f3n de funcionarios federales y afectaciones para miles de automovilistas.<\/p>\n\n\n\n<p>Durante la noche del jueves tambi\u00e9n concluy\u00f3 la toma de las instalaciones de la Universidad Aut\u00f3noma Benito Ju\u00e1rez de Oaxaca (UABJO) en la agencia Cinco Se\u00f1ores, ciudad de Oaxaca. La toma de ciudad universitaria inici\u00f3 el 2 de marzo y fue por parte de un grupo de docentes que exig\u00eda el reconocimiento de Fredy S\u00e1nchez Garc\u00eda como director de la Facultad de Derecho y Ciencias Sociales, supuestamente elegidos en asamblea extraordinaria el 17 de febrero.<\/p>\n\n\n\n<p>Otra de las protestas ocurridas en la semana fue la de habitantes de la colonia Gonz\u00e1lez Guardado, Villa de Zaachila, quienes mantuvieron el cierre en el crucero de la Y, entre la carretera federal 175 y la 131, para exigir a la autoridad municipal cumplir con su responsabilidad para que el congreso otorgue la elevaci\u00f3n a agencia municipal.<\/p>\n\n\n\n<p>Tlacolula de Matamoros fue otro de los municipios del valle central que registr\u00f3 protestas esta semana por parte de empleados sindicalizados, quienes denunciaron la falta de pagos de salarios por m\u00e1s de dos meses a ra\u00edz del conflicto en el ayuntamiento.<\/p>\n","protected":false},"excerpt":{"rendered":"","protected":false},"author":1,"featured_media":221574,"comment_status":"closed","ping_status":"closed","sticky":false,"template":"","format":"standard","meta":{"footnotes":""},"categories":[11,3,12,7,14],"tags":[],"class_list":["post-221573","post","type-post","status-publish","format-standard","has-post-thumbnail","hentry","category-capital","category-las-destacadas","category-lo-de-siempre","category-municipal","category-titulares"],"_links":{"self":[{"href":"https:\/\/oaxacadiaadia.com\/index.php?rest_route=\/wp\/v2\/posts\/221573","targetHints":{"allow":["GET"]}}],"collection":[{"href":"https:\/\/oaxacadiaadia.com\/index.php?rest_route=\/wp\/v2\/posts"}],"about":[{"href":"https:\/\/oaxacadiaadia.com\/index.php?rest_route=\/wp\/v2\/types\/post"}],"author":[{"embeddable":true,"href":"https:\/\/oaxacadiaadia.com\/index.php?rest_route=\/wp\/v2\/users\/1"}],"replies":[{"embeddable":true,"href":"https:\/\/oaxacadiaadia.com\/index.php?rest_route=%2Fwp%2Fv2%2Fcomments&post=221573"}],"version-history":[{"count":1,"href":"https:\/\/oaxacadiaadia.com\/index.php?rest_route=\/wp\/v2\/posts\/221573\/revisions"}],"predecessor-version":[{"id":221575,"href":"https:\/\/oaxacadiaadia.com\/index.php?rest_route=\/wp\/v2\/posts\/221573\/revisions\/221575"}],"wp:featuredmedia":[{"embeddable":true,"href":"https:\/\/oaxacadiaadia.com\/index.php?rest_route=\/wp\/v2\/media\/221574"}],"wp:attachment":[{"href":"https:\/\/oaxacadiaadia.com\/index.php?rest_route=%2Fwp%2Fv2%2Fmedia&parent=221573"}],"wp:term":[{"taxonomy":"category","embeddable":true,"href":"https:\/\/oaxacadiaadia.com\/index.php?rest_route=%2Fwp%2Fv2%2Fcategories&post=221573"},{"taxonomy":"post_tag","embeddable":true,"href":"https:\/\/oaxacadiaadia.com\/index.php?rest_route=%2Fwp%2Fv2%2Ftags&post=221573"}],"curies":[{"name":"wp","href":"https:\/\/api.w.org\/{rel}","templated":true}]}}