{"id":221546,"date":"2026-03-14T21:25:20","date_gmt":"2026-03-15T03:25:20","guid":{"rendered":"https:\/\/oaxacadiaadia.com\/?p=221546"},"modified":"2026-03-14T21:25:20","modified_gmt":"2026-03-15T03:25:20","slug":"maria-sada-memorias-de-la-tierra-en-el-centro-cultural-san-pablo","status":"publish","type":"post","link":"https:\/\/oaxacadiaadia.com\/?p=221546","title":{"rendered":"\u201cMar\u00eda Sada. Memorias de la Tierra\u201d en el Centro Cultural San Pablo"},"content":{"rendered":"\n<figure class=\"wp-block-image size-full\"><a href=\"https:\/\/oaxacadiaadia.com\/wp-content\/uploads\/2026\/03\/Maria-Sada.-Memorias-de-la-Tierra-en-el-Centro-Cultural-San-Pablo.jpg\"><img loading=\"lazy\" decoding=\"async\" width=\"346\" height=\"432\" src=\"https:\/\/oaxacadiaadia.com\/wp-content\/uploads\/2026\/03\/Maria-Sada.-Memorias-de-la-Tierra-en-el-Centro-Cultural-San-Pablo.jpg\" alt=\"\" class=\"wp-image-221547\" srcset=\"https:\/\/oaxacadiaadia.com\/wp-content\/uploads\/2026\/03\/Maria-Sada.-Memorias-de-la-Tierra-en-el-Centro-Cultural-San-Pablo.jpg 346w, https:\/\/oaxacadiaadia.com\/wp-content\/uploads\/2026\/03\/Maria-Sada.-Memorias-de-la-Tierra-en-el-Centro-Cultural-San-Pablo-240x300.jpg 240w\" sizes=\"auto, (max-width: 346px) 100vw, 346px\" \/><\/a><\/figure>\n\n\n\n<p>*La exposici\u00f3n abre el pr\u00f3ximo 20 de marzo a las 18 horas, con una charla de apertura a cargo de la artista y el maestro H\u00e9ctor Palhares, curador de la muestra<\/p>\n\n\n\n<p>*El proyecto se centra en el trabajo de Mar\u00eda Sada, creadora con m\u00e1s de treinta a\u00f1os de trayectoria, quien aborda la relaci\u00f3n fundamental entre el hombre y la naturaleza mediante representaciones de paisajes, animalia, flores y di\u00e1logos con otros grandes maestros en la historia del arte<\/p>\n\n\n\n<!--more-->\n\n\n\n<p>Oaxaca, Oaxaca, S\u00e1bado 14 de Marzo, 2026, (Fuente: Comunicado).- La Fundaci\u00f3n Alfredo Harp Hel\u00fa Oaxaca, a trav\u00e9s del Centro Cultural San Pablo, se complace en presentar la muestra \u201cMar\u00eda Sada. Memorias de la Tierra\u201d, que ser\u00e1 inaugurada el pr\u00f3ximo viernes 20 de marzo de 2026 a las 18 horas en la ciudad de Oaxaca.<\/p>\n\n\n\n<p>A partir de esa fecha, en la Galer\u00eda del CCSP, los p\u00fablicos podr\u00e1n explorar las distintas evocaciones del paisaje y entornos naturales que Sada recrea en pintura, collage y arte objetual.<\/p>\n\n\n\n<p>Mar\u00eda Sada (Monterrey, Nuevo Le\u00f3n, 1954), restauradora de arte de profesi\u00f3n, ha combinado por m\u00e1s de treinta a\u00f1os su conocimiento profundo de t\u00e9cnicas y materiales con la representaci\u00f3n del entorno. Desde 1993, la naturaleza \u2013a trav\u00e9s de experiencias personales y viajes, muchos de ellos casi inici\u00e1ticos\u2013 protagonizan sus composiciones. En la obra de Mar\u00eda, de pincelada precisa y met\u00f3dica, desfilan selvas, animalia, r\u00edos, cascadas, bosques, monta\u00f1as, mares y una neblina que va hilvanando la floresta en pie de igualdad con la creaci\u00f3n primigenia.<\/p>\n\n\n\n<p>Desde el basti\u00f3n contempor\u00e1neo, donde la extinci\u00f3n y el agotamiento del planeta son un doloroso y recurrente t\u00f3pico, Sada acude, cual alquimista, a un estado de conciencia general donde todos figuramos en el mismo escenario. No es una artista de dogmatismos, sino una creadora de sue\u00f1os y realidades\u2026 aquello que ha desaparecido pero tambi\u00e9n lo que permanece. En una suerte de doble mirada, el p\u00fablico est\u00e1 invitado a presenciar, desde lo m\u00e1s profundo, las memorias de la Tierra.<\/p>\n\n\n\n<p>Sada ha expuesto en diferentes pa\u00edses, entre los que destacan M\u00e9xico, Espa\u00f1a, Estados Unidos, Suiza y B\u00e9lgica. Entre 2022 y 2023, present\u00f3 una gran retrospectiva de su obra, bajo el t\u00edtulo Biofilia. Arte y naturaleza, en el Museo Nacional de Arte (MUNAL).<\/p>\n\n\n\n<p>En este 2026, llega al Centro Cultural San Pablo, con casi setenta piezas que, en cinco n\u00facleos tem\u00e1ticos, abordan los espejos y reflejos del hombre ante el cosmos; anthologias (del griego anth\u00f3s, flor) de distintas formas y latitudes; la serie del bosque y el \u00e1rbol ca\u00eddo que recuper\u00f3 bloques de madera de sabino para convertirse en \u201clienzos\u201d de distintos verdores; la animalia, siempre presente como nuestro \u201cotro yo\u201d, se encuentra con los divertimentos realizados en kashigata o moldes japoneses para dulces; y, finalmente, los di\u00e1logos que rinden homenaje a grandes figuras de la historia del arte, como Matisse, Duchamp, Kandinsky, Pollock o Warhol. Sobre estos trabajos, apunta Mar\u00eda Sada: Me propuse hacer di\u00e1logos con los artistas que hicieron aportaciones fundamentales, principalmente al arte abstracto y conceptual, o que nos dieron nuevos elementos, a los pintores que les hemos seguido, para hacer m\u00e1s amplia nuestra gama de recursos de expresi\u00f3n.<\/p>\n\n\n\n<p>La exposici\u00f3n contar\u00e1 con un nutrido programa acad\u00e9mico y diversas actividades educativas para todos los p\u00fablicos.<\/p>\n\n\n\n<p>El Centro Cultural San Pablo, de la Fundaci\u00f3n Alfredo Harp Hel\u00fa Oaxaca, recibe con gusto esta muestra que acercar\u00e1 a sus visitantes a los profundos significados de la relaci\u00f3n entre el arte y la naturaleza.<\/p>\n","protected":false},"excerpt":{"rendered":"<p>*La exposici\u00f3n abre el pr\u00f3ximo 20 de marzo a las 18 horas, con una charla de apertura a cargo de<\/p>\n","protected":false},"author":1,"featured_media":221547,"comment_status":"closed","ping_status":"closed","sticky":false,"template":"","format":"standard","meta":{"footnotes":""},"categories":[8,3],"tags":[],"class_list":["post-221546","post","type-post","status-publish","format-standard","has-post-thumbnail","hentry","category-cultura","category-las-destacadas"],"_links":{"self":[{"href":"https:\/\/oaxacadiaadia.com\/index.php?rest_route=\/wp\/v2\/posts\/221546","targetHints":{"allow":["GET"]}}],"collection":[{"href":"https:\/\/oaxacadiaadia.com\/index.php?rest_route=\/wp\/v2\/posts"}],"about":[{"href":"https:\/\/oaxacadiaadia.com\/index.php?rest_route=\/wp\/v2\/types\/post"}],"author":[{"embeddable":true,"href":"https:\/\/oaxacadiaadia.com\/index.php?rest_route=\/wp\/v2\/users\/1"}],"replies":[{"embeddable":true,"href":"https:\/\/oaxacadiaadia.com\/index.php?rest_route=%2Fwp%2Fv2%2Fcomments&post=221546"}],"version-history":[{"count":1,"href":"https:\/\/oaxacadiaadia.com\/index.php?rest_route=\/wp\/v2\/posts\/221546\/revisions"}],"predecessor-version":[{"id":221548,"href":"https:\/\/oaxacadiaadia.com\/index.php?rest_route=\/wp\/v2\/posts\/221546\/revisions\/221548"}],"wp:featuredmedia":[{"embeddable":true,"href":"https:\/\/oaxacadiaadia.com\/index.php?rest_route=\/wp\/v2\/media\/221547"}],"wp:attachment":[{"href":"https:\/\/oaxacadiaadia.com\/index.php?rest_route=%2Fwp%2Fv2%2Fmedia&parent=221546"}],"wp:term":[{"taxonomy":"category","embeddable":true,"href":"https:\/\/oaxacadiaadia.com\/index.php?rest_route=%2Fwp%2Fv2%2Fcategories&post=221546"},{"taxonomy":"post_tag","embeddable":true,"href":"https:\/\/oaxacadiaadia.com\/index.php?rest_route=%2Fwp%2Fv2%2Ftags&post=221546"}],"curies":[{"name":"wp","href":"https:\/\/api.w.org\/{rel}","templated":true}]}}