{"id":221540,"date":"2026-03-13T09:41:29","date_gmt":"2026-03-13T15:41:29","guid":{"rendered":"https:\/\/oaxacadiaadia.com\/?p=221540"},"modified":"2026-03-13T09:41:30","modified_gmt":"2026-03-13T15:41:30","slug":"exige-s-22-aparicion-de-defensor-comunitario","status":"publish","type":"post","link":"https:\/\/oaxacadiaadia.com\/?p=221540","title":{"rendered":"Exige S-22 aparici\u00f3n de defensor comunitario"},"content":{"rendered":"\n<figure class=\"wp-block-image size-full\"><a href=\"https:\/\/oaxacadiaadia.com\/wp-content\/uploads\/2026\/03\/Exige-S-22-aparicion-de-defensor-comunitario.jpg\"><img loading=\"lazy\" decoding=\"async\" width=\"360\" height=\"413\" src=\"https:\/\/oaxacadiaadia.com\/wp-content\/uploads\/2026\/03\/Exige-S-22-aparicion-de-defensor-comunitario.jpg\" alt=\"\" class=\"wp-image-221541\" srcset=\"https:\/\/oaxacadiaadia.com\/wp-content\/uploads\/2026\/03\/Exige-S-22-aparicion-de-defensor-comunitario.jpg 360w, https:\/\/oaxacadiaadia.com\/wp-content\/uploads\/2026\/03\/Exige-S-22-aparicion-de-defensor-comunitario-262x300.jpg 262w\" sizes=\"auto, (max-width: 360px) 100vw, 360px\" \/><\/a><\/figure>\n\n\n\n<!--more-->\n\n\n\n<p>Oaxaca, Oaxaca, Viernes 13 de Marzo, 2026, (Fuente: Agencia Zona Roja y Agencias).- Un activista social fue reportado como desaparecido este jueves por la tarde en Santa Mar\u00eda Jacatepec, del distrito de Tuxtepec, regi\u00f3n Cuenca de Oaxaca.<\/p>\n\n\n\n<p>Ante ello, organismos civiles y la Secci\u00f3n 22 del Sindicato Nacional de Trabajadores de la Educaci\u00f3n (SNTE) condenaron el hecho y exigieron la aparici\u00f3n con vida de Jorge Antonio Procopio.<\/p>\n\n\n\n<p>Es conocido como defensor de la tierra e integrante del movimiento comunitario en defensa del territorio en la colonia San Juan del R\u00edo, en el municipio de Santa Mar\u00eda Jacatepec.<\/p>\n\n\n\n<p>Seg\u00fan detall\u00f3 la gremial, Jorge Antonio Procopio es ind\u00edgena chinanteco, originario de la comunidad de Vega del Sol, y forma parte de la organizaci\u00f3n comunitaria que se ha movilizado para defender la tierra y el territorio ante intentos de despojo.<\/p>\n\n\n\n<p>Ante ello, el magisterio y organizaciones demandaron la presentaci\u00f3n con vida de Jorge Antonio Procopio y Sa\u00fal Antonio Procopio; la intervenci\u00f3n inmediata de las autoridades para garantizar su integridad f\u00edsica.<\/p>\n\n\n\n<p>Asimismo, el cese de cualquier acto de intimidaci\u00f3n contra quienes defienden la tierra y el territorio; adem\u00e1s, una investigaci\u00f3n urgente, seria y transparente que permita esclarecer los hechos y sancionar a los responsables.<\/p>\n\n\n\n<p>Por su parte, el Consejo Nacional de Pueblos en Lucha dio a conocer en un comunicado que ayer, alrededor de las 15:00 horas, \u201cfue \u2018levantado\u2019 con lujo de violencia\u201d Jorge Antonio Procopio, integrante del movimiento en defensa de la tierra en la colonia San Juan del R\u00edo.<\/p>\n\n\n\n<p>\u201cDe acuerdo con informaci\u00f3n de habitantes de la comunidad, minutos antes del hecho el compa\u00f1ero Jorge report\u00f3 que dos personas lo estaban grabando, situaci\u00f3n que le gener\u00f3 preocupaci\u00f3n.<\/p>\n\n\n\n<p>\u201cPosteriormente, dos veh\u00edculos ingresaron a su domicilio con hombres encapuchados y armados, quienes golpearon salvajemente y levantaron al compa\u00f1ero Jorge Antonio Procopio y a su hermano de nombre Sa\u00fal Antonio Procopio, llev\u00e1ndoselos con rumbo desconocido.<\/p>\n\n\n\n<p>\u201cDesde ese momento, la comunidad vive un clima de zozobra, ya que por los altavoces de la localidad se est\u00e1 alertando sobre la presencia de hombres armados, mientras que desde la ma\u00f1ana un autom\u00f3vil negro hab\u00eda estado dando rondines en la zona.<\/p>\n\n\n\n<p>\u201cTestigos tambi\u00e9n reportaron que un mototaxi con tres sujetos vestidos de negro se encontraba grabando en el lugar antes de los hechos\u201d.<\/p>\n\n\n\n<p>Cabe mencionar que, durante dos d\u00edas, habitantes de Jacatepec bloquearon la carretera federal Oaxaca-Tuxtepec, a la altura de ese municipio.<\/p>\n\n\n\n<p><strong>Desaparecen a defensor de la tierra en Santa Mar\u00eda Jacatepec<\/strong><\/p>\n\n\n\n<p>De este modo, el defensor comunitario de la tierra Jorge Antonio Procopio fue privado de la libertad la tarde de este jueves alrededor de las 15:00 horas en la colonia San Juan del R\u00edo, en el municipio de Santa Mar\u00eda Jacatepec, regi\u00f3n de la Cuenca del estado de Oaxaca.<\/p>\n\n\n\n<p>De acuerdo con testimonios de habitantes de la comunidad, minutos antes del hecho el activista report\u00f3 que dos personas lo estaban grabando, situaci\u00f3n que le gener\u00f3 preocupaci\u00f3n.<\/p>\n\n\n\n<p>Posteriormente, dos veh\u00edculos ingresaron a su domicilio con hombres encapuchados y armados, quienes presuntamente golpearon y se llevaron por la fuerza a Jorge Antonio Procopio y a su hermano Sa\u00fal Antonio Procopio, traslad\u00e1ndolos con rumbo desconocido.<\/p>\n\n\n\n<p>Habitantes de la colonia se\u00f1alaron que desde entonces la comunidad vive un clima de alarma y zozobra. A trav\u00e9s de los altavoces comunitarios se ha alertado sobre la presencia de hombres armados en la zona.<\/p>\n\n\n\n<p>Testigos indicaron que desde la ma\u00f1ana un autom\u00f3vil negro hab\u00eda estado realizando rondines en el \u00e1rea. Asimismo, reportaron que un mototaxi con tres sujetos vestidos de negro fue visto grabando en el lugar antes de que ocurrieran los hechos.<\/p>\n\n\n\n<p><strong>Defensor comunitario<\/strong><\/p>\n\n\n\n<p>Jorge Antonio Procopio es ind\u00edgena chinanteco originario de la comunidad de Vega del Sol y forma parte del movimiento comunitario en defensa de la tierra en la colonia San Juan del R\u00edo, el cual se ha organizado para impedir el presunto despojo de tierras en la regi\u00f3n.<\/p>\n\n\n\n<p><strong>Exigen intervenci\u00f3n inmediata<\/strong><\/p>\n\n\n\n<p>Ante estos hechos, organizaciones y habitantes exigieron la intervenci\u00f3n de la Fiscal\u00eda General del Estado de Oaxaca y del Gobierno del Estado de Oaxaca para:<\/p>\n\n\n\n<p>La presentaci\u00f3n con vida de Jorge Antonio Procopio y de su hermano.<\/p>\n\n\n\n<p>La intervenci\u00f3n inmediata de las autoridades para garantizar su integridad f\u00edsica.<\/p>\n\n\n\n<p>El cese de acciones de intimidaci\u00f3n contra quienes defienden la tierra y el territorio.<\/p>\n\n\n\n<p>Una investigaci\u00f3n urgente para esclarecer los hechos.<\/p>\n\n\n\n<p>Las organizaciones tambi\u00e9n responsabilizaron a las autoridades de la integridad de ambos desaparecidos y alertaron a organismos de derechos humanos y a la sociedad sobre la gravedad del caso.<\/p>\n\n\n\n<p><strong>Llamado urgente<\/strong><\/p>\n\n\n\n<p>El pronunciamiento fue respaldado por el Consejo Nacional de Pueblos en Lucha, la Defensor\u00eda de los Derechos Humanos del Pueblo de Oaxaca y la Coordinadora Contra la Represi\u00f3n y por la Justicia.<\/p>\n\n\n\n<p>\u201c\u00a1Vivos se los llevaron, vivos los queremos!<\/p>\n\n\n\n<p>\u00a1Por la dignidad y la resistencia de nuestros pueblos!\u201d, se\u00f1alaron en el comunicado.<\/p>\n\n\n\n<p><strong>Claudia Sheinbaum Pardo<\/strong><\/p>\n\n\n\n<p><strong>Omar Garc\u00eda Harfuch<\/strong><\/p>\n\n\n\n<p><strong>Salom\u00f3n Jara Cruz<\/strong><\/p>\n\n\n\n<p><strong>Jes\u00fas Romero<\/strong><\/p>\n\n\n\n<p><strong>Bernardo Rodr\u00edguez Alamilla<\/strong><\/p>\n\n\n\n<p><strong>Derechos Humanos<\/strong><\/p>\n","protected":false},"excerpt":{"rendered":"","protected":false},"author":1,"featured_media":221541,"comment_status":"closed","ping_status":"closed","sticky":false,"template":"","format":"standard","meta":{"footnotes":""},"categories":[3,7,4,14],"tags":[],"class_list":["post-221540","post","type-post","status-publish","format-standard","has-post-thumbnail","hentry","category-las-destacadas","category-municipal","category-policiaca","category-titulares"],"_links":{"self":[{"href":"https:\/\/oaxacadiaadia.com\/index.php?rest_route=\/wp\/v2\/posts\/221540","targetHints":{"allow":["GET"]}}],"collection":[{"href":"https:\/\/oaxacadiaadia.com\/index.php?rest_route=\/wp\/v2\/posts"}],"about":[{"href":"https:\/\/oaxacadiaadia.com\/index.php?rest_route=\/wp\/v2\/types\/post"}],"author":[{"embeddable":true,"href":"https:\/\/oaxacadiaadia.com\/index.php?rest_route=\/wp\/v2\/users\/1"}],"replies":[{"embeddable":true,"href":"https:\/\/oaxacadiaadia.com\/index.php?rest_route=%2Fwp%2Fv2%2Fcomments&post=221540"}],"version-history":[{"count":1,"href":"https:\/\/oaxacadiaadia.com\/index.php?rest_route=\/wp\/v2\/posts\/221540\/revisions"}],"predecessor-version":[{"id":221542,"href":"https:\/\/oaxacadiaadia.com\/index.php?rest_route=\/wp\/v2\/posts\/221540\/revisions\/221542"}],"wp:featuredmedia":[{"embeddable":true,"href":"https:\/\/oaxacadiaadia.com\/index.php?rest_route=\/wp\/v2\/media\/221541"}],"wp:attachment":[{"href":"https:\/\/oaxacadiaadia.com\/index.php?rest_route=%2Fwp%2Fv2%2Fmedia&parent=221540"}],"wp:term":[{"taxonomy":"category","embeddable":true,"href":"https:\/\/oaxacadiaadia.com\/index.php?rest_route=%2Fwp%2Fv2%2Fcategories&post=221540"},{"taxonomy":"post_tag","embeddable":true,"href":"https:\/\/oaxacadiaadia.com\/index.php?rest_route=%2Fwp%2Fv2%2Ftags&post=221540"}],"curies":[{"name":"wp","href":"https:\/\/api.w.org\/{rel}","templated":true}]}}