{"id":221535,"date":"2026-03-13T09:39:46","date_gmt":"2026-03-13T15:39:46","guid":{"rendered":"https:\/\/oaxacadiaadia.com\/?p=221535"},"modified":"2026-03-13T09:39:47","modified_gmt":"2026-03-13T15:39:47","slug":"juchitan-tres-ejecutados-en-24-horas","status":"publish","type":"post","link":"https:\/\/oaxacadiaadia.com\/?p=221535","title":{"rendered":"Juchit\u00e1n: tres ejecutados en 24 horas"},"content":{"rendered":"\n<figure class=\"wp-block-image size-full\"><a href=\"https:\/\/oaxacadiaadia.com\/wp-content\/uploads\/2026\/03\/Juchitan-tres-ejecutados-en-24-horas.jpg\"><img loading=\"lazy\" decoding=\"async\" width=\"405\" height=\"219\" src=\"https:\/\/oaxacadiaadia.com\/wp-content\/uploads\/2026\/03\/Juchitan-tres-ejecutados-en-24-horas.jpg\" alt=\"\" class=\"wp-image-221536\" srcset=\"https:\/\/oaxacadiaadia.com\/wp-content\/uploads\/2026\/03\/Juchitan-tres-ejecutados-en-24-horas.jpg 405w, https:\/\/oaxacadiaadia.com\/wp-content\/uploads\/2026\/03\/Juchitan-tres-ejecutados-en-24-horas-300x162.jpg 300w\" sizes=\"auto, (max-width: 405px) 100vw, 405px\" \/><\/a><\/figure>\n\n\n\n<!--more-->\n\n\n\n<p>Oaxaca, Oaxaca, Viernes 13 de Marzo, 2026, (Fuente: Agencia Zona Roja).- La ola violenta en Juchit\u00e1n de Zaragoza, regi\u00f3n Istmo de Oaxaca, sigue imparable.<\/p>\n\n\n\n<p>Este jueves un joven fue asesinado a balazos a unos pasos de un plantel de bachillerato, con lo que suman tres ejecutados en un lapso de 24 horas.<\/p>\n\n\n\n<p>El m\u00e1s reciente crimen ocurri\u00f3 la tarde del mismo jueves, afuera del Centro de Bachillerato Tecnol\u00f3gico, Industrial y de Servicios n\u00famero 205, ubicado en la prolongaci\u00f3n de avenida Morelos.<\/p>\n\n\n\n<p>Sujetos armados dispararon de manera directa en contra del joven de 19 a\u00f1os de edad, identificado despu\u00e9s como David \u201cN\u201d, mientras esperaba pasaje a bordo de su mototaxi.<\/p>\n\n\n\n<p>Pese a la cantidad de gente que hab\u00eda en la zona, entre estudiantes, docentes y padres de familia, nadie pudo detener al homicida, que logr\u00f3 huir.<\/p>\n\n\n\n<p>Tras ello arribaron familiares quienes reconocieron a la v\u00edctima; mientras que la Vicefiscal\u00eda Regional del Istmo inici\u00f3 con las primeras indagatorias.<\/p>\n\n\n\n<p>Cabe mencionar que, el mi\u00e9rcoles, en dos hechos distintos, un trabajador de una tienda de materiales de construcci\u00f3n fue ultimado a balazos y minutos despu\u00e9s una mujer vendedora de alimentos tambi\u00e9n fue asesinada.<\/p>\n\n\n\n<p>Todo ello a pesar de que, seg\u00fan el Gabinete de Seguridad del gobierno de Oaxaca, hay unos mil polic\u00edas adicionales en la regi\u00f3n del Istmo en operativos extraordinarios.<\/p>\n","protected":false},"excerpt":{"rendered":"","protected":false},"author":1,"featured_media":221536,"comment_status":"closed","ping_status":"closed","sticky":false,"template":"","format":"standard","meta":{"footnotes":""},"categories":[3,7,4],"tags":[],"class_list":["post-221535","post","type-post","status-publish","format-standard","has-post-thumbnail","hentry","category-las-destacadas","category-municipal","category-policiaca"],"_links":{"self":[{"href":"https:\/\/oaxacadiaadia.com\/index.php?rest_route=\/wp\/v2\/posts\/221535","targetHints":{"allow":["GET"]}}],"collection":[{"href":"https:\/\/oaxacadiaadia.com\/index.php?rest_route=\/wp\/v2\/posts"}],"about":[{"href":"https:\/\/oaxacadiaadia.com\/index.php?rest_route=\/wp\/v2\/types\/post"}],"author":[{"embeddable":true,"href":"https:\/\/oaxacadiaadia.com\/index.php?rest_route=\/wp\/v2\/users\/1"}],"replies":[{"embeddable":true,"href":"https:\/\/oaxacadiaadia.com\/index.php?rest_route=%2Fwp%2Fv2%2Fcomments&post=221535"}],"version-history":[{"count":1,"href":"https:\/\/oaxacadiaadia.com\/index.php?rest_route=\/wp\/v2\/posts\/221535\/revisions"}],"predecessor-version":[{"id":221537,"href":"https:\/\/oaxacadiaadia.com\/index.php?rest_route=\/wp\/v2\/posts\/221535\/revisions\/221537"}],"wp:featuredmedia":[{"embeddable":true,"href":"https:\/\/oaxacadiaadia.com\/index.php?rest_route=\/wp\/v2\/media\/221536"}],"wp:attachment":[{"href":"https:\/\/oaxacadiaadia.com\/index.php?rest_route=%2Fwp%2Fv2%2Fmedia&parent=221535"}],"wp:term":[{"taxonomy":"category","embeddable":true,"href":"https:\/\/oaxacadiaadia.com\/index.php?rest_route=%2Fwp%2Fv2%2Fcategories&post=221535"},{"taxonomy":"post_tag","embeddable":true,"href":"https:\/\/oaxacadiaadia.com\/index.php?rest_route=%2Fwp%2Fv2%2Ftags&post=221535"}],"curies":[{"name":"wp","href":"https:\/\/api.w.org\/{rel}","templated":true}]}}