{"id":221532,"date":"2026-03-13T09:39:13","date_gmt":"2026-03-13T15:39:13","guid":{"rendered":"https:\/\/oaxacadiaadia.com\/?p=221532"},"modified":"2026-03-13T09:39:13","modified_gmt":"2026-03-13T15:39:13","slug":"inaugura-salomon-reunion-internacional-de-abogados-penalistas","status":"publish","type":"post","link":"https:\/\/oaxacadiaadia.com\/?p=221532","title":{"rendered":"Inaugura Salom\u00f3n Reuni\u00f3n Internacional de Abogados Penalistas"},"content":{"rendered":"\n<figure class=\"wp-block-image size-full\"><a href=\"https:\/\/oaxacadiaadia.com\/wp-content\/uploads\/2026\/03\/Inaugura-Salomon-Reunion-Internacional-de-Abogados-Penalistas.jpg\"><img loading=\"lazy\" decoding=\"async\" width=\"416\" height=\"269\" src=\"https:\/\/oaxacadiaadia.com\/wp-content\/uploads\/2026\/03\/Inaugura-Salomon-Reunion-Internacional-de-Abogados-Penalistas.jpg\" alt=\"\" class=\"wp-image-221533\" srcset=\"https:\/\/oaxacadiaadia.com\/wp-content\/uploads\/2026\/03\/Inaugura-Salomon-Reunion-Internacional-de-Abogados-Penalistas.jpg 416w, https:\/\/oaxacadiaadia.com\/wp-content\/uploads\/2026\/03\/Inaugura-Salomon-Reunion-Internacional-de-Abogados-Penalistas-300x194.jpg 300w\" sizes=\"auto, (max-width: 416px) 100vw, 416px\" \/><\/a><\/figure>\n\n\n\n<p>*M\u00e1s de mil especialistas nacionales e internacionales participan en este encuentro acad\u00e9mico<\/p>\n\n\n\n<!--more-->\n\n\n\n<p>Santa Luc\u00eda del Camino, Oaxaca, Viernes 13 de Marzo, 2026, (Fuente: Comunicado).- El gobernador Salom\u00f3n Jara Cruz inaugur\u00f3 la XX Reuni\u00f3n Internacional de Abogados Penalistas Oaxaca 2026, que se realiza en el Centro Cultural y de Convenciones de Oaxaca, donde m\u00e1s de mil especialistas nacionales e internacionales analizan los retos actuales del derecho penal.<\/p>\n\n\n\n<p>Durante su mensaje inaugural, el Mandatario estatal destac\u00f3 que este encuentro representa una valiosa oportunidad para analizar los desaf\u00edos contempor\u00e1neos del derecho penal y fortalecer el intercambio de conocimientos entre especialistas de M\u00e9xico y de distintos pa\u00edses.<\/p>\n\n\n\n<p>\u201cEl derecho no es \u00fanicamente un conjunto de normas, es un instrumento para preservar la dignidad humana, para garantizar libertades y para construir sociedades m\u00e1s justas\u201d, expres\u00f3 el titular del Poder Ejecutivo.<\/p>\n\n\n\n<p>Por su parte, la magistrada presidenta del Tribunal Superior de Justicia de Oaxaca, Erika Mar\u00eda Rodr\u00edguez Rodr\u00edguez, se\u00f1al\u00f3 que en la entidad conviven sistemas normativos ind\u00edgenas con el derecho positivo, por lo que el pluralismo jur\u00eddico representa una realidad viva que fortalece la justicia.<\/p>\n\n\n\n<p>En este encuentro acad\u00e9mico participan juristas, magistrados, jueces y especialistas provenientes de pa\u00edses como Chile, Argentina, Per\u00fa, Colombia, Italia y Espa\u00f1a entre otros, quienes durante tres d\u00edas intercambiar\u00e1n experiencias y conocimientos en torno a temas como neurociencia, inteligencia artificial, perspectiva de g\u00e9nero, razonamiento probatorio y pluralismo jur\u00eddico.<\/p>\n\n\n\n<p><strong>Llega a la capital oaxaque\u00f1a la frescura del mar con la Expo Acu\u00edcola y Pesquera \u201cCuaresma 2026\u201d<\/strong><\/p>\n\n\n\n<p>En otro contexto, el gobernador Salom\u00f3n Jara Cruz inaugur\u00f3 la Expo Acu\u00edcola y Pesquera \u201cCuaresma 2026\u201d, con el objetivo de abrir canales de comercializaci\u00f3n para las personas acuicultoras y pescadoras en toda la entidad.<\/p>\n\n\n\n<p>Establecido en la Plaza de la Danza, en la capital del estado, la expo busca vincular a este sector con las y los consumidores, para fortalecer la comercializaci\u00f3n y consumo de productos del mar cien por ciento oaxaque\u00f1os.<\/p>\n\n\n\n<p>En este espacio, en el que se invirtieron 1.2 millones de pesos para beneficiar a mil personas productoras, el titular del Poder Ejecutivo subray\u00f3 que, ante las problem\u00e1ticas que representan el deterioro ambiental y el rezago tecnol\u00f3gico, el Gobierno del Estado impulsa programas de apoyo, capacitaci\u00f3n y asistencia t\u00e9cnica para mejorar las condiciones de venta y brindar mayores oportunidades de bienestar.<\/p>\n\n\n\n<p>Detall\u00f3 que en la entidad existen alrededor de 7 mil 500 personas pescadoras y mil 500 acuicultoras, quienes generan una producci\u00f3n anual cercana a 9 mil 700 toneladas de producto, el cual tiene un valor aproximado de 380 millones de pesos; adem\u00e1s de la producci\u00f3n acu\u00edcola que aporta cerca de 25 millones de pesos.<\/p>\n\n\n\n<p>Ante esta situaci\u00f3n, el Gobierno de Oaxaca, a trav\u00e9s de la Secretar\u00eda de Fomento Agroalimentario y Desarrollo Rural (SEFADER) implementa la estrategia \u201cCuaresma Primavera\u201d, la cual distribuir\u00e1 en las colonias populares de la capital del estado mojarras frescas a la mitad de su precio comercial.<\/p>\n\n\n\n<p>La Expo Acu\u00edcola y Pesquera se realiza este jueves 12 y viernes 13 de marzo, en un horario de 8:00 a 18:00 horas; participan 40 granjas acu\u00edcolas y cooperativas pesqueras, 25 instituciones y empresas, as\u00ed como 20 emprendimientos. Se podr\u00e1 adquirir y degustar mariscos y productos frescos, transformados, preparados y complementarios, tradicionales e innovadores de la cocina local.<\/p>\n\n\n\n<p><strong>Atiende Secretar\u00eda de las Mujeres situaci\u00f3n en Centros LIBRE del estado<\/strong><\/p>\n\n\n\n<p>En otro sentido, la Secretar\u00eda de las Mujeres inform\u00f3 que se encuentra en proceso la firma de contratos y la dispersi\u00f3n de pagos pendientes para las profesionistas que laboran en los 41 Centros LIBRE ubicados en la entidad.<\/p>\n\n\n\n<p>La titular de la dependencia, Rogelia Gonz\u00e1lez Luis se\u00f1al\u00f3 que desde el inicio de su gesti\u00f3n, el pasado 1 de marzo, la atenci\u00f3n a estos centros fue una de las prioridades. Por ello, el 2 de marzo sostuvo una reuni\u00f3n con la Secretar\u00eda de Finanzas (Sefin) para dar seguimiento a los tr\u00e1mites relacionados con las retribuciones correspondientes a enero y febrero.<\/p>\n\n\n\n<p>Indic\u00f3 que, a partir de ese encuentro, se activaron los procesos administrativos necesarios para formalizar los contratos y cubrir los adeudos.<\/p>\n\n\n\n<p>\u201cDesde el primer momento realizamos las gestiones necesarias para garantizar el pago a coordinadoras y profesionistas de los Centros LIBRE. Adem\u00e1s, implementaremos mecanismos para evitar que esta situaci\u00f3n vuelva a presentarse\u201d, afirm\u00f3.<\/p>\n\n\n\n<p>Asimismo, se mantendr\u00e1 comunicaci\u00f3n permanente con las mujeres que laboran en estos espacios para fortalecer el funcionamiento y mejorar condiciones laborales.<\/p>\n\n\n\n<p>Los Centros LIBRE en Oaxaca son lugares seguros y gratuitos que brindan atenci\u00f3n integral, as\u00ed como asesor\u00eda psicol\u00f3gica y jur\u00eddica a mujeres en situaci\u00f3n de violencia.<\/p>\n","protected":false},"excerpt":{"rendered":"<p>*M\u00e1s de mil especialistas nacionales e internacionales participan en este encuentro acad\u00e9mico<\/p>\n","protected":false},"author":1,"featured_media":221533,"comment_status":"closed","ping_status":"closed","sticky":false,"template":"","format":"standard","meta":{"footnotes":""},"categories":[11,3,13,14],"tags":[],"class_list":["post-221532","post","type-post","status-publish","format-standard","has-post-thumbnail","hentry","category-capital","category-las-destacadas","category-nacional","category-titulares"],"_links":{"self":[{"href":"https:\/\/oaxacadiaadia.com\/index.php?rest_route=\/wp\/v2\/posts\/221532","targetHints":{"allow":["GET"]}}],"collection":[{"href":"https:\/\/oaxacadiaadia.com\/index.php?rest_route=\/wp\/v2\/posts"}],"about":[{"href":"https:\/\/oaxacadiaadia.com\/index.php?rest_route=\/wp\/v2\/types\/post"}],"author":[{"embeddable":true,"href":"https:\/\/oaxacadiaadia.com\/index.php?rest_route=\/wp\/v2\/users\/1"}],"replies":[{"embeddable":true,"href":"https:\/\/oaxacadiaadia.com\/index.php?rest_route=%2Fwp%2Fv2%2Fcomments&post=221532"}],"version-history":[{"count":1,"href":"https:\/\/oaxacadiaadia.com\/index.php?rest_route=\/wp\/v2\/posts\/221532\/revisions"}],"predecessor-version":[{"id":221534,"href":"https:\/\/oaxacadiaadia.com\/index.php?rest_route=\/wp\/v2\/posts\/221532\/revisions\/221534"}],"wp:featuredmedia":[{"embeddable":true,"href":"https:\/\/oaxacadiaadia.com\/index.php?rest_route=\/wp\/v2\/media\/221533"}],"wp:attachment":[{"href":"https:\/\/oaxacadiaadia.com\/index.php?rest_route=%2Fwp%2Fv2%2Fmedia&parent=221532"}],"wp:term":[{"taxonomy":"category","embeddable":true,"href":"https:\/\/oaxacadiaadia.com\/index.php?rest_route=%2Fwp%2Fv2%2Fcategories&post=221532"},{"taxonomy":"post_tag","embeddable":true,"href":"https:\/\/oaxacadiaadia.com\/index.php?rest_route=%2Fwp%2Fv2%2Ftags&post=221532"}],"curies":[{"name":"wp","href":"https:\/\/api.w.org\/{rel}","templated":true}]}}