{"id":221529,"date":"2026-03-13T09:38:27","date_gmt":"2026-03-13T15:38:27","guid":{"rendered":"https:\/\/oaxacadiaadia.com\/?p=221529"},"modified":"2026-03-13T09:38:27","modified_gmt":"2026-03-13T15:38:27","slug":"acciones-para-el-desarrollo-no-se-detienen-en-la-sierra-de-juarez","status":"publish","type":"post","link":"https:\/\/oaxacadiaadia.com\/?p=221529","title":{"rendered":"Acciones para el desarrollo no se detienen en la Sierra de Ju\u00e1rez"},"content":{"rendered":"\n<figure class=\"wp-block-image size-full\"><a href=\"https:\/\/oaxacadiaadia.com\/wp-content\/uploads\/2026\/03\/Acciones-para-el-desarrollo-no-se-detienen-en-la-Sierra-de-Juarez.jpg\"><img loading=\"lazy\" decoding=\"async\" width=\"410\" height=\"274\" src=\"https:\/\/oaxacadiaadia.com\/wp-content\/uploads\/2026\/03\/Acciones-para-el-desarrollo-no-se-detienen-en-la-Sierra-de-Juarez.jpg\" alt=\"\" class=\"wp-image-221530\" srcset=\"https:\/\/oaxacadiaadia.com\/wp-content\/uploads\/2026\/03\/Acciones-para-el-desarrollo-no-se-detienen-en-la-Sierra-de-Juarez.jpg 410w, https:\/\/oaxacadiaadia.com\/wp-content\/uploads\/2026\/03\/Acciones-para-el-desarrollo-no-se-detienen-en-la-Sierra-de-Juarez-300x200.jpg 300w\" sizes=\"auto, (max-width: 410px) 100vw, 410px\" \/><\/a><\/figure>\n\n\n\n<p>*Con m\u00e1s de 14 mdp se concluy\u00f3 la pavimentaci\u00f3n con concreto hidr\u00e1ulico en el entronque a San Pedro Nexicho, en Ixtepeji<\/p>\n\n\n\n<p>*En San Juan Evangelista Analco se concluy\u00f3 el techado de la telesecundaria<\/p>\n\n\n\n<!--more-->\n\n\n\n<p>Regi\u00f3n Sierra de Ju\u00e1rez, Oaxaca, Viernes 13 de Marzo, 2026, (Fuente: Comunicado).- Como parte de sus compromisos cumplidos con la ciudadan\u00eda, el Gobernador Salom\u00f3n Jara Cruz visit\u00f3 las demarcaciones de San Juan Evangelista Analco y Santa Catarina Ixtepeji, en donde entreg\u00f3 obras que garantizan el desarrollo y la conectividad de las comunidades.<\/p>\n\n\n\n<p>Durante asambleas comunitarias en estas municipalidades de la Sierra de Ju\u00e1rez, el Mandatario estatal destac\u00f3 que, con una inversi\u00f3n de 14 millones 126 mil pesos, se paviment\u00f3 con concreto hidr\u00e1ulico el entronque de la carretera Oaxaca-Tuxtepec a la localidad de San Pedro Nexicho, perteneciente a Santa Catarina Ixtepeji.<\/p>\n\n\n\n<p>\u201cNosotros, los oaxaque\u00f1os y oaxaque\u00f1as merecemos tener caminos dignos para transportar a nuestras familias, nuestras mercanc\u00edas, siempre trabajaremos con mucho gusto para atender a nuestra poblaci\u00f3n\u201d, dijo.<\/p>\n\n\n\n<p>Anunci\u00f3 que durante este a\u00f1o se destinar\u00e1n recursos suficientes para el campo oaxaque\u00f1o, a fin de impulsar la autosuficiencia y el bienestar de las familias en la Sierra de Ju\u00e1rez. Asimismo, en el ramo educativo, la Primavera Oaxaque\u00f1a se comprometi\u00f3 a entregar equipo de computaci\u00f3n y tecnol\u00f3gico a planteles educativos.<\/p>\n\n\n\n<p>En San Juan Evangelista Analco se concluy\u00f3 el techado de la telesecundaria del lugar, se realiz\u00f3 la construcci\u00f3n de servicios sanitarios en la escuela primaria, y se asign\u00f3 una patrulla a trav\u00e9s del Secretariado Ejecutivo del Sistema Estatal de Seguridad P\u00fablica (SESESP).<\/p>\n\n\n\n<p>De igual forma, se anunci\u00f3 el apoyo hacia las jefas de familia mediante la Tarjeta Margarita Maza por un monto anual de 12 mil pesos a cada beneficiaria, y se iniciar\u00e1 la gesti\u00f3n y asesor\u00eda para comenzar la obra de drenaje en calles de la demarcaci\u00f3n, ba\u00f1os ecol\u00f3gicos y la rehabilitaci\u00f3n del techado del auditorio municipal.<\/p>\n","protected":false},"excerpt":{"rendered":"<p>*Con m\u00e1s de 14 mdp se concluy\u00f3 la pavimentaci\u00f3n con concreto hidr\u00e1ulico en el entronque a San Pedro Nexicho, en<\/p>\n","protected":false},"author":1,"featured_media":221530,"comment_status":"closed","ping_status":"closed","sticky":false,"template":"","format":"standard","meta":{"footnotes":""},"categories":[3,7],"tags":[],"class_list":["post-221529","post","type-post","status-publish","format-standard","has-post-thumbnail","hentry","category-las-destacadas","category-municipal"],"_links":{"self":[{"href":"https:\/\/oaxacadiaadia.com\/index.php?rest_route=\/wp\/v2\/posts\/221529","targetHints":{"allow":["GET"]}}],"collection":[{"href":"https:\/\/oaxacadiaadia.com\/index.php?rest_route=\/wp\/v2\/posts"}],"about":[{"href":"https:\/\/oaxacadiaadia.com\/index.php?rest_route=\/wp\/v2\/types\/post"}],"author":[{"embeddable":true,"href":"https:\/\/oaxacadiaadia.com\/index.php?rest_route=\/wp\/v2\/users\/1"}],"replies":[{"embeddable":true,"href":"https:\/\/oaxacadiaadia.com\/index.php?rest_route=%2Fwp%2Fv2%2Fcomments&post=221529"}],"version-history":[{"count":1,"href":"https:\/\/oaxacadiaadia.com\/index.php?rest_route=\/wp\/v2\/posts\/221529\/revisions"}],"predecessor-version":[{"id":221531,"href":"https:\/\/oaxacadiaadia.com\/index.php?rest_route=\/wp\/v2\/posts\/221529\/revisions\/221531"}],"wp:featuredmedia":[{"embeddable":true,"href":"https:\/\/oaxacadiaadia.com\/index.php?rest_route=\/wp\/v2\/media\/221530"}],"wp:attachment":[{"href":"https:\/\/oaxacadiaadia.com\/index.php?rest_route=%2Fwp%2Fv2%2Fmedia&parent=221529"}],"wp:term":[{"taxonomy":"category","embeddable":true,"href":"https:\/\/oaxacadiaadia.com\/index.php?rest_route=%2Fwp%2Fv2%2Fcategories&post=221529"},{"taxonomy":"post_tag","embeddable":true,"href":"https:\/\/oaxacadiaadia.com\/index.php?rest_route=%2Fwp%2Fv2%2Ftags&post=221529"}],"curies":[{"name":"wp","href":"https:\/\/api.w.org\/{rel}","templated":true}]}}