{"id":221524,"date":"2026-03-13T09:37:06","date_gmt":"2026-03-13T15:37:06","guid":{"rendered":"https:\/\/oaxacadiaadia.com\/?p=221524"},"modified":"2026-03-13T09:43:07","modified_gmt":"2026-03-13T15:43:07","slug":"lamenta-salomon-rechazo-a-la-reforma-de-sheinbaum","status":"publish","type":"post","link":"https:\/\/oaxacadiaadia.com\/?p=221524","title":{"rendered":"Lamenta Salom\u00f3n rechazo a la Reforma de Sheinbaum"},"content":{"rendered":"\n<figure class=\"wp-block-image size-full\"><a href=\"http:\/\/oaxacadiaadia.com\/wp-content\/uploads\/2026\/02\/En-caso-Interoceanico-se-garantiza-derecho-a-la-verdad-y-justicia-Salomon.jpg\"><img loading=\"lazy\" decoding=\"async\" width=\"405\" height=\"270\" src=\"http:\/\/oaxacadiaadia.com\/wp-content\/uploads\/2026\/02\/En-caso-Interoceanico-se-garantiza-derecho-a-la-verdad-y-justicia-Salomon.jpg\" alt=\"\" class=\"wp-image-220572\" srcset=\"https:\/\/oaxacadiaadia.com\/wp-content\/uploads\/2026\/02\/En-caso-Interoceanico-se-garantiza-derecho-a-la-verdad-y-justicia-Salomon.jpg 405w, https:\/\/oaxacadiaadia.com\/wp-content\/uploads\/2026\/02\/En-caso-Interoceanico-se-garantiza-derecho-a-la-verdad-y-justicia-Salomon-300x200.jpg 300w\" sizes=\"auto, (max-width: 405px) 100vw, 405px\" \/><\/a><\/figure>\n\n\n\n<p>*El gobernador de Oaxaca critica a partidos aliados por votar en contra; \u201ces una mala se\u00f1al\u201d, asegura<\/p>\n\n\n\n<!--more-->\n\n\n\n<p>Oaxaca, Oaxaca, Viernes 13 de Marzo, 2026, (Fuente: X: @jaimeguerrero08).- El gobernador de Oaxaca, Salom\u00f3n Jara Cruz, lament\u00f3 que el Partido del Trabajo (PT) y el Partido Verde Ecologista de M\u00e9xico (PVEM) no respaldaran la iniciativa de reforma electoral de la presidenta Claudia Sheinbaum, y consider\u00f3 que su voto en contra, aunque no representa una ruptura formal con el movimiento, s\u00ed constituye \u201cuna mala se\u00f1al\u201d.<\/p>\n\n\n\n<p>La C\u00e1mara de Diputados federal desech\u00f3 el mi\u00e9rcoles 11 de marzo la reforma electoral propuesta por Sheinbaum al no alcanzar la mayor\u00eda calificada requerida.<\/p>\n\n\n\n<p>La votaci\u00f3n arroj\u00f3 259 votos a favor, 234 en contra y una abstenci\u00f3n, lejos de los 334 necesarios para modificar la Constituci\u00f3n.&nbsp;<\/p>\n\n\n\n<p>Para sacar adelante la reforma, MORENA necesitaba los votos del PT y del PVEM (334 en conjunto), quienes se manifestaron en contra argumentando que la propuesta afectar\u00eda a los partidos de menor tama\u00f1o y a la pluralidad en el Congreso.<\/p>\n\n\n\n<p>Jara Cruz defendi\u00f3 el contenido de la iniciativa presidencial, a la que describi\u00f3 como una propuesta adecuada a las necesidades del pa\u00eds.<\/p>\n\n\n\n<p>Mencion\u00f3 que buscaba reducir el gasto a los partidos pol\u00edticos y eliminar candidatos que no realizan campa\u00f1a. Adem\u00e1s, cit\u00f3 que entre el 83 y el 84 por ciento de la poblaci\u00f3n mexicana respaldaba la propuesta de Sheinbaum.<\/p>\n\n\n\n<p>El mandatario oaxaque\u00f1o cuestion\u00f3 el rechazo a los votos en contra del PRI, PAN, PVEM, Movimiento Ciudadano y el PT, y anunci\u00f3 que la ciudadan\u00eda \u201cseguramente va a tomar cartas en este asunto\u201d.<\/p>\n\n\n\n<p>Sobre si los diputados del PT y el PVEM podr\u00edan ser considerados traidores a la patria, Jara Cruz prefiri\u00f3 ubicar la traici\u00f3n en t\u00e9rminos pol\u00edticos y no patri\u00f3ticos: se\u00f1al\u00f3 que lo que fallaron fue al movimiento de transformaci\u00f3n que encabeza Andr\u00e9s Manuel L\u00f3pez Obrador.<\/p>\n\n\n\n<p>\u201cO somos obradoristas o no somos obradoristas. Estamos con la presidenta o no estamos con la presidenta\u201d, puntualiz\u00f3.<\/p>\n\n\n\n<p>El gobernador tambi\u00e9n critic\u00f3 los intereses personales de legisladores que, a su juicio, buscan perpetuarse en el poder mediante redes familiares y de conocidos, lo que calific\u00f3 de incorrecto y necesario de cambiar.<\/p>\n\n\n\n<p>Tras la negativa, la presidenta Sheinbaum anunci\u00f3 este jueves un Plan B de reforma electoral centrado en recortar el gasto de los poderes legislativos estatales y las regidur\u00edas municipales, luego de que su iniciativa de reforma constitucional fue desechada en la C\u00e1mara de Diputados al no alcanzar la mayor\u00eda calificada requerida.<\/p>\n","protected":false},"excerpt":{"rendered":"<p>*El gobernador de Oaxaca critica a partidos aliados por votar en contra; \u201ces una mala se\u00f1al\u201d, asegura<\/p>\n","protected":false},"author":1,"featured_media":220572,"comment_status":"closed","ping_status":"closed","sticky":false,"template":"","format":"standard","meta":{"footnotes":""},"categories":[11,3,13,5,14],"tags":[],"class_list":["post-221524","post","type-post","status-publish","format-standard","has-post-thumbnail","hentry","category-capital","category-las-destacadas","category-nacional","category-politica","category-titulares"],"_links":{"self":[{"href":"https:\/\/oaxacadiaadia.com\/index.php?rest_route=\/wp\/v2\/posts\/221524","targetHints":{"allow":["GET"]}}],"collection":[{"href":"https:\/\/oaxacadiaadia.com\/index.php?rest_route=\/wp\/v2\/posts"}],"about":[{"href":"https:\/\/oaxacadiaadia.com\/index.php?rest_route=\/wp\/v2\/types\/post"}],"author":[{"embeddable":true,"href":"https:\/\/oaxacadiaadia.com\/index.php?rest_route=\/wp\/v2\/users\/1"}],"replies":[{"embeddable":true,"href":"https:\/\/oaxacadiaadia.com\/index.php?rest_route=%2Fwp%2Fv2%2Fcomments&post=221524"}],"version-history":[{"count":1,"href":"https:\/\/oaxacadiaadia.com\/index.php?rest_route=\/wp\/v2\/posts\/221524\/revisions"}],"predecessor-version":[{"id":221525,"href":"https:\/\/oaxacadiaadia.com\/index.php?rest_route=\/wp\/v2\/posts\/221524\/revisions\/221525"}],"wp:featuredmedia":[{"embeddable":true,"href":"https:\/\/oaxacadiaadia.com\/index.php?rest_route=\/wp\/v2\/media\/220572"}],"wp:attachment":[{"href":"https:\/\/oaxacadiaadia.com\/index.php?rest_route=%2Fwp%2Fv2%2Fmedia&parent=221524"}],"wp:term":[{"taxonomy":"category","embeddable":true,"href":"https:\/\/oaxacadiaadia.com\/index.php?rest_route=%2Fwp%2Fv2%2Fcategories&post=221524"},{"taxonomy":"post_tag","embeddable":true,"href":"https:\/\/oaxacadiaadia.com\/index.php?rest_route=%2Fwp%2Fv2%2Ftags&post=221524"}],"curies":[{"name":"wp","href":"https:\/\/api.w.org\/{rel}","templated":true}]}}