{"id":221521,"date":"2026-03-13T09:35:32","date_gmt":"2026-03-13T15:35:32","guid":{"rendered":"https:\/\/oaxacadiaadia.com\/?p=221521"},"modified":"2026-03-13T09:35:32","modified_gmt":"2026-03-13T15:35:32","slug":"acusa-morena-de-traidores-al-pt-y-al-verde","status":"publish","type":"post","link":"https:\/\/oaxacadiaadia.com\/?p=221521","title":{"rendered":"Acusa MORENA de traidores al PT y al Verde"},"content":{"rendered":"\n<figure class=\"wp-block-image size-full\"><a href=\"https:\/\/oaxacadiaadia.com\/wp-content\/uploads\/2026\/03\/Acusa-MORENA-de-traidores-al-PT-y-al-Verde.jpg\"><img loading=\"lazy\" decoding=\"async\" width=\"410\" height=\"273\" src=\"https:\/\/oaxacadiaadia.com\/wp-content\/uploads\/2026\/03\/Acusa-MORENA-de-traidores-al-PT-y-al-Verde.jpg\" alt=\"\" class=\"wp-image-221522\" srcset=\"https:\/\/oaxacadiaadia.com\/wp-content\/uploads\/2026\/03\/Acusa-MORENA-de-traidores-al-PT-y-al-Verde.jpg 410w, https:\/\/oaxacadiaadia.com\/wp-content\/uploads\/2026\/03\/Acusa-MORENA-de-traidores-al-PT-y-al-Verde-300x200.jpg 300w\" sizes=\"auto, (max-width: 410px) 100vw, 410px\" \/><\/a><\/figure>\n\n\n\n<p>*Junto al PRI y Movimiento Ciudadano rechazaron la Reforma Electoral que present\u00f3 la presidenta Sheinbaum<\/p>\n\n\n\n<!--more-->\n\n\n\n<p>Oaxaca, Oaxaca, Viernes 13 de Marzo, 2026, (Fuente: X: @jaimeguerrero08, Lisbeth Mej\u00eda Reyes \/ Agencia Zona Roja y Agencias).- Un d\u00eda despu\u00e9s que la C\u00e1mara de Diputados federal desechara la reforma electoral de la presidenta Claudia Sheinbaum Pardo \u2014por 259 votos a favor y 234 en contra, al no alcanzar los 334 necesarios para modificar la Constituci\u00f3n\u2014, la dirigencia de MORENA en Oaxaca sali\u00f3 a posicionarse con dureza contra los legisladores aliados que bloquearon la iniciativa, entre ellos los del Partido del Trabajo (PT) y el Partido Verde Ecologista de M\u00e9xico (PVEM) en la entidad.<\/p>\n\n\n\n<p>Alejandro Velasco Armas, presidente del comit\u00e9 directivo estatal de MORENA (Movimiento de Regeneraci\u00f3n Nacional) encabez\u00f3 una conferencia de prensa, acompa\u00f1ado de diputados federales y senadores del partido. Velasco Armas fue categ\u00f3rico: los legisladores del PT y el PVEM se sumaron a la oposici\u00f3n y traicionaron al movimiento, a la presidenta y al legado de Andr\u00e9s Manuel L\u00f3pez Obrador.<\/p>\n\n\n\n<p>\u201cEl PT no es el partido del trabajo, es el partido traidor al pueblo, traidor a la transformaci\u00f3n, traidor a los ideales de Andr\u00e9s Manuel L\u00f3pez Obrador\u201d, afirm\u00f3 el dirigente, quien anunci\u00f3 que MORENA en Oaxaca no tolerar\u00e1 lo que llam\u00f3 \u2018traici\u00f3n\u2019 y anticip\u00f3 que en las elecciones de 2027 el electorado les pasar\u00e1 la factura.<\/p>\n\n\n\n<p>Velasco Armas centr\u00f3 sus cr\u00edticas en la dirigencia del PT en la entidad.<\/p>\n\n\n\n<p>Se\u00f1al\u00f3 que Benjam\u00edn Robles Montoya lleva casi veinte a\u00f1os como comisionado pol\u00edtico de ese partido sin consultar a las bases, y enumer\u00f3 a legisladores oaxaque\u00f1os que han llegado al Congreso por la v\u00eda plurinominal de manera reiterada:<\/p>\n\n\n\n<p>Maribel Mart\u00ednez Ruiz, quien habr\u00eda ocupado la posici\u00f3n n\u00famero uno de las listas del PT en tres legislaturas consecutivas \u20142018 a 2021, 2021 a 2024, y la actual hasta 2027\u2014; Margarita Garc\u00eda, con nueve a\u00f1os como diputada federal; y Alejandro L\u00f3pez S\u00e1nchez, entre otros.<\/p>\n\n\n\n<p>Del PVEM oaxaque\u00f1o, apunt\u00f3 contra Ra\u00fal Bola\u00f1os Cacho Cu\u00e9, quien acudi\u00f3 a la sesi\u00f3n, pero no emiti\u00f3 voto por un c\u00e1lculo pol\u00edtico debido a que el pr\u00f3ximo a\u00f1o ser\u00eda el Presidente de la Mesa Directiva, y contra Alejandro Avil\u00e9s, quien vot\u00f3 en contra.<\/p>\n\n\n\n<p>\u201cTanto peca el que mata la vaca como el que le agarra la pata\u201d, sentenci\u00f3.<\/p>\n\n\n\n<p>El diputado federal morenista Carmelo Cruz Mendoza, del distrito 10 con cabecera en Miahuatl\u00e1n de Porfirio D\u00edaz, respald\u00f3 la postura de la dirigencia y sostuvo que la reforma buscaba quitarles dinero a los partidos y eliminar los privilegios de las dirigencias.<\/p>\n\n\n\n<p>Record\u00f3 que los 200 diputados plurinominales seguir\u00e1n eligi\u00e9ndose mediante las listas que elaboran los partidos, al haberse desechado la iniciativa que propon\u00eda que fueran los propios ciudadanos quienes definieran ese bloque a trav\u00e9s del voto.<\/p>\n\n\n\n<p>Cruz Mendoza pregunt\u00f3 directamente al auditorio: \u201c\u00bfSaben cu\u00e1nto recibe el PT? M\u00e1s de 894 millones de pesos al a\u00f1o. \u00bfY saben qui\u00e9n hace esas listas?\u201d<\/p>\n\n\n\n<p>El senador Luis Alfonso Silva Romo, del PVEM, tom\u00f3 distancia de la postura de su bancada en el Senado de la Rep\u00fablica durante la conferencia.<\/p>\n\n\n\n<p>Vestido con una camisa guinda \u2014el color identitario de MORENA\u2014, Silva Romo dijo que su militancia \u201ces en MORENA\u201d y que ha trabajado desde el pacto por la unidad con L\u00f3pez Obrador.<\/p>\n\n\n\n<p>Descart\u00f3, no obstante, renunciar a su bancada en el Senado.<\/p>\n\n\n\n<p>Explic\u00f3 que la conveniencia legislativa de mantenerse en el grupo parlamentario verde obedece a la integraci\u00f3n de las mesas directivas del Senado, donde la representaci\u00f3n del PVEM resulta favorable para la alianza en la distribuci\u00f3n de comisiones.<\/p>\n\n\n\n<p>Por su parte, el senador Antonino Morales, de MORENA, ech\u00f3 mano de un pasaje: compar\u00f3 el voto del PT y el PVEM con el desafuero de L\u00f3pez Obrador impulsado por el PRI y el PAN en 2005, y anticip\u00f3 que en 2027 el pueblo los juzgar\u00e1 de la misma manera.<\/p>\n\n\n\n<p>La diputada federal Naty Jim\u00e9nez fue m\u00e1s cautelosa.<\/p>\n\n\n\n<p>Aunque respald\u00f3 la postura de Velasco Armas, advirti\u00f3 que la ruptura formal con los aliados no puede anunciarse unilateralmente desde Oaxaca, pues la decisi\u00f3n pasa por la coordinaci\u00f3n nacional del grupo parlamentario y las conversaciones en curso con el equipo de la presidenta.<\/p>\n\n\n\n<p>\u201cNo podemos decir abiertamente vamos a romper con estos aliados\u201d, reconoci\u00f3.<\/p>\n\n\n\n<p>Consultado sobre si MORENA ir\u00eda sola en 2027 sin el PT, Velasco Armas matiz\u00f3 su discurso inicial.<\/p>\n\n\n\n<p>Dijo que la decisi\u00f3n final corresponder\u00e1 a la militancia y que el partido ir\u00e1 \u201cvalorando\u201d la actitud de sus aliados conforme se acerquen los comicios.<\/p>\n\n\n\n<p>Sin embargo, insisti\u00f3 en que MORENA Oaxaca no necesita al PT: \u201c\u00bfC\u00f3mo vamos a tener consideraci\u00f3n con un partido que representa apenas el 5% de las preferencias del electorado?\u201d<\/p>\n\n\n\n<p>Cuando se le pregunt\u00f3 sobre si las siglas del PT y el PVEM han servido para que militantes de MORENA lleguen a cargos de elecci\u00f3n popular, Velasco Armas eludi\u00f3 la respuesta directa y se limit\u00f3 a decir que la alianza de MORENA \u201ces con el pueblo, no para servir a coyunturas\u201d.<\/p>\n\n\n\n<p>MORENA anunci\u00f3 que seguir\u00e1 impulsando el llamado Plan B, las reformas a leyes secundarias en materia electoral que no requieren mayor\u00eda calificada y que Ricardo Monreal hab\u00eda anunciado desde el pleno de San L\u00e1zaro una vez consumado el rechazo.<\/p>\n\n\n\n<p>Al cierre de la conferencia, Velasco Armas reserv\u00f3 un \u00faltimo dardo para Margarita Garc\u00eda, diputada federal del PT, a quien se\u00f1al\u00f3 como s\u00edmbolo del anquilosamiento que, dijo, caracteriza a ese partido.<\/p>\n\n\n\n<p>\u201cEl PT se muestra como lo que es: la nueva derecha en nuestro estado, un partido conservador que evita el paso a la transformaci\u00f3n, dando la espalda a la voluntad popular. El pueblo lo tiene muy claro: tiene legisladoras como la se\u00f1ora Margarita, nueve a\u00f1os siendo diputada federal, nueve a\u00f1os viviendo a expensas del movimiento, y sin embargo sale con posturas contradictorias a lo que ella plantea y constantemente se\u00f1ala. Yo solamente voy a decir que, por ah\u00ed escuch\u00e9, que al igual que el nopal, cada vez le salen m\u00e1s propiedades\u201d, dijo<\/p>\n\n\n\n<p>Lo mismo arremeti\u00f3 contra la diputada Martha Aracely del PT.<\/p>\n\n\n\n<p><strong>Guerra sucia en Oaxaca: operadores de MORENA cuelgan mantas contra diputados que desafiaron a Sheinbaum<\/strong><\/p>\n\n\n\n<p>Y es que, la aparici\u00f3n de narco-mantas en Oaxaca contra legisladores del Partido del Trabajo y del Partido Verde Ecologista de M\u00e9xico que votaron contra la reforma electoral impulsada por Claudia Sheinbaum, exhibe el nivel de confrontaci\u00f3n pol\u00edtica dentro del bloque oficialista. El episodio golpea directamente al gobierno de Salom\u00f3n Jara Cruz, pues refleja fracturas con antiguos aliados y alimenta acusaciones de intimidaci\u00f3n pol\u00edtica, justo cuando su administraci\u00f3n enfrenta desgaste tras la revocaci\u00f3n de mandato y m\u00faltiples conflictos internos.<\/p>\n\n\n\n<p>El fracaso legislativo de la reforma tambi\u00e9n evidenci\u00f3 que el oficialismo no controla completamente el Congreso y que sus aliados no est\u00e1n dispuestos a seguir una l\u00ednea autom\u00e1tica, obligando al gobierno federal a buscar un \u201cPlan B\u201d mediante leyes secundarias. En ese contexto, la confrontaci\u00f3n pol\u00edtica en Oaxaca, lejos de ayudar al proyecto de Sheinbaum lo debilita, porque muestra un escenario de polarizaci\u00f3n y disputas internas que amenazan con fracturar a\u00fan m\u00e1s la coalici\u00f3n gobernante rumbo a las pr\u00f3ximas elecciones.<\/p>\n\n\n\n<p>De este modo, la capital de Oaxaca amaneci\u00f3 este jueves envuelta en un episodio que refleja el nivel de confrontaci\u00f3n que se vive dentro del poder pol\u00edtico. Durante la madrugada aparecieron mantas colgadas en puentes peatonales y avenidas transitadas, donde se exhib\u00edan fotograf\u00edas y nombres de diputados federales oaxaque\u00f1os se\u00f1alados como \u201ctraidores\u201d por haber votado contra la reforma electoral impulsada por la presidenta Claudia Sheinbaum.<\/p>\n\n\n\n<p>Las lonas fueron colocadas en puntos estrat\u00e9gicos de la ciudad para que miles de automovilistas y peatones observaran los rostros de los legisladores se\u00f1alados. Desde las primeras horas del d\u00eda, las im\u00e1genes comenzaron a circular en redes sociales, generando sorpresa, indignaci\u00f3n y un intenso debate pol\u00edtico.<\/p>\n\n\n\n<p>En las mantas aparecen diputados federales de Oaxaca que rompieron con la l\u00ednea del oficialismo durante la votaci\u00f3n de la reforma electoral en la C\u00e1mara de Diputados. Entre los se\u00f1alados se encuentran legisladores vinculados al Partido del Trabajo y al Partido Verde Ecologista de M\u00e9xico, partidos que durante a\u00f1os caminaron como aliados del bloque gobernante pero que en esta ocasi\u00f3n votaron en sentido contrario.<\/p>\n\n\n\n<p>Ese voto encendi\u00f3 una fuerte tensi\u00f3n dentro del bloque pol\u00edtico que gira alrededor de Movimiento Regeneraci\u00f3n Nacional. La reforma electoral impulsada desde el poder federal no logr\u00f3 reunir los votos necesarios en el Congreso, lo que dej\u00f3 al descubierto fracturas internas que hasta ahora se manten\u00edan bajo control.<\/p>\n\n\n\n<p>Las mantas colgadas en los puentes de la capital de Oaxaca funcionaron como un mensaje pol\u00edtico directo. No se trata de un debate parlamentario ni de una discusi\u00f3n institucional, sino de una exhibici\u00f3n p\u00fablica dirigida contra quienes decidieron no alinearse con la iniciativa presidencial.<\/p>\n\n\n\n<p>Automovilistas que circulaban por la ciudad al amanecer observaron las lonas extendidas sobre los puentes peatonales, generando comentarios inmediatos entre ciudadanos que se preguntaban qui\u00e9n estaba detr\u00e1s de la operaci\u00f3n. Las fotograf\u00edas de las mantas se difundieron r\u00e1pidamente en redes sociales, donde el tema se convirti\u00f3 en uno de los m\u00e1s comentados del d\u00eda.<\/p>\n\n\n\n<p>Para algunos sectores, la acci\u00f3n representa una forma de presi\u00f3n pol\u00edtica contra legisladores que rompieron la disciplina del bloque oficialista. Para otros, es un ejemplo del nivel de polarizaci\u00f3n que domina hoy la pol\u00edtica mexicana.<\/p>\n\n\n\n<p>Lo cierto es que Oaxaca amaneci\u00f3 con un mensaje pol\u00edtico colgado sobre sus avenidas: en la disputa por el poder, las diferencias ya no se discuten \u00fanicamente en el Congreso.<\/p>\n\n\n\n<p>Ahora tambi\u00e9n se exhiben p\u00fablicamente para que toda la ciudad las vea.<\/p>\n\n\n\n<p>En los mensajes se se\u00f1ala directamente a diputados federales del PVEM y a las diputadas del PT, Maribel Mart\u00ednez Ruiz y Margarita Garc\u00eda Garc\u00eda, quienes votaron en contra de la iniciativa presidencial durante la discusi\u00f3n en la C\u00e1mara de Diputados federal.<\/p>\n\n\n\n<p>Entre los nombres que aparecen mencionados en las mantas se encuentran tambi\u00e9n el diputado federal Alejandro Avil\u00e9s \u00c1lvarez y Ra\u00fal Bola\u00f1os-Cacho Cu\u00e9, quienes han sido se\u00f1alados en estos mensajes colocados en la v\u00eda p\u00fablica.<\/p>\n\n\n\n<p>Hasta el momento no se ha informado oficialmente qui\u00e9n o qu\u00e9 grupo coloc\u00f3 las mantas, ni si las autoridades iniciaron alg\u00fan operativo para investigar su origen. No obstante, la aparici\u00f3n de estos mensajes se da en medio del debate pol\u00edtico generado tras la votaci\u00f3n de la reforma electoral propuesta por el gobierno federal.<\/p>\n\n\n\n<p>La discusi\u00f3n de dicha reforma provoc\u00f3 divisiones al interior de distintas fuerzas pol\u00edticas, luego de que algunos legisladores de partidos aliados del bloque oficialista decidieran no respaldar la iniciativa durante su an\u00e1lisis en el Congreso de la Uni\u00f3n.<\/p>\n\n\n\n<p><strong>Los llaman \u201ctraidores a la patria\u201d<\/strong><\/p>\n\n\n\n<p>Fue as\u00ed que, lonas con los rostros de cinco legisladores federales de Oaxaca aparecieron este jueves en puntos viales estrat\u00e9gicos de la capital del estado de Oaxaca, luego que el martes el Congreso rechaz\u00f3 la reforma electoral impulsada por la presidenta Claudia Sheinbaum.<\/p>\n\n\n\n<p>La leyenda estampada en las mantas no deja lugar a dudas: \u201cTraidores a la patria. No votaron contra la Reforma Electoral, votaron contra el pueblo\u201d.<\/p>\n\n\n\n<p>Las lonas identifican a los diputados del Partido Verde Ecologista de M\u00e9xico (PVEM) Alejandro Avil\u00e9s \u00c1lvarez y Ra\u00fal Bola\u00f1os Cacho Cu\u00e9, as\u00ed como a los del Partido del Trabajo (PT) Margarita Garc\u00eda Garc\u00eda, Maribel Mart\u00ednez y Araceli Cruz, junto con Alejandro L\u00f3pez S\u00e1nchez.<\/p>\n\n\n\n<p>Es importante destacar que la votaci\u00f3n con la que la C\u00e1mara de Diputados desech\u00f3 la reforma electoral de la presidenta Claudia Sheinbaum tuvo un dato que no pas\u00f3 desapercibido: la \u00fanica abstenci\u00f3n en el tablero electr\u00f3nico fue la del diputado Ra\u00fal Bola\u00f1os Cacho Cu\u00e9, del Partido Verde Ecologista de M\u00e9xico (PVEM) y actual vicepresidente de la Mesa Directiva.<\/p>\n\n\n\n<p>El gesto fue le\u00eddo en los pasillos de San L\u00e1zaro como un movimiento de preservaci\u00f3n institucional: en septiembre de 2026, Bola\u00f1os Cacho Cu\u00e9 est\u00e1 llamado a asumir la presidencia de la C\u00e1mara para el tercer y \u00faltimo a\u00f1o de la LXVI Legislatura, el periodo m\u00e1s complicado del ciclo legislativo por la cercan\u00eda con los comicios intermedios de 2027.<\/p>\n\n\n\n<p>El voto en abstenci\u00f3n contrasta con la postura del resto de la bancada del Verde, que se dividi\u00f3 de manera significativa.<\/p>\n\n\n\n<p>De sus 62 legisladores, 49 votaron en contra del dictamen y 12 lo respaldaron. Los votos a favor del PVEM correspondieron en su mayor\u00eda a legisladores que compitieron en 2024 bajo las siglas de MORENA, pero se incorporaron posteriormente a la bancada ecologista, y cuyas posiciones responden a c\u00e1lculos electorales locales.<\/p>\n\n\n\n<p>Por lo pronto, los materiales fueron colocados en puntos de alta visibilidad: la principal lona apareci\u00f3 colgada en un puente peatonal de la carretera federal 190, a la altura del Cerro del Fort\u00edn; otras se reportan en las inmediaciones del Mercado Zonal de la agencia de Santa Rosa y en el crucero de la agencia de Cinco Se\u00f1ores, todas en la capital del estado.<\/p>\n\n\n\n<p>La campa\u00f1a ha sido atribuida al partido MORENA, con una metodolog\u00eda que recuerda las pr\u00e1cticas de presi\u00f3n pol\u00edtica del viejo PRI.<\/p>\n\n\n\n<p>La reforma electoral de la presidenta Sheinbaum fue rechazada el mi\u00e9rcoles 11 de marzo en el pleno de la C\u00e1mara de Diputados.<\/p>\n\n\n\n<p>La propuesta obtuvo 259 votos a favor, 234 en contra y una abstenci\u00f3n; para ser aprobada, requer\u00eda al menos 334 sufragios, es decir, las dos terceras partes de los 500 diputados.<\/p>\n\n\n\n<p>Es la primera vez que el Partido del Trabajo y el Verde votan en contra de una propuesta de la llamada Cuarta Transformaci\u00f3n desde que la alianza lleg\u00f3 al gobierno en 2018.&nbsp;<\/p>\n\n\n\n<p>Ambas fuerzas argumentaron que la reforma podr\u00eda afectar a los partidos de menor tama\u00f1o y, con ello, la pluralidad en el Congreso.<\/p>\n\n\n\n<p>El PT calific\u00f3 la iniciativa como \u201cel regreso del sistema del Partido de Estado\u201d, mientras que el PVEM sostuvo que no apoyar\u00eda un proyecto que redujera el presupuesto del INE.&nbsp;<\/p>\n\n\n\n<p>A pesar del rev\u00e9s, los coordinadores de ambos partidos en la C\u00e1mara reiteraron que se mantienen dentro de la alianza con MORENA.<\/p>\n\n\n\n<p>La propuesta de Sheinbaum buscaba eliminar los 32 senadores plurinominales, modificar la forma de elecci\u00f3n de los 200 diputados plurinominales y recortar en 25% el financiamiento p\u00fablico a los partidos pol\u00edticos y a los \u00f3rganos encargados de organizar las elecciones.<\/p>\n\n\n\n<p>El coordinador de la bancada de Morena, Ricardo Monreal, anticip\u00f3 que, ante el rechazo, el partido comenzar\u00e1 a construir un \u201cPlan B\u201d en materia electoral mediante reformas a leyes secundarias.<\/p>\n\n\n\n<p><strong>Cisma en MORENA: con mantas, acusa traici\u00f3n de sus aliados pol\u00edticos<\/strong><\/p>\n\n\n\n<p>En el mismo sentido, con varias lonas colgadas en diversos puentes peatonales de la ciudad de Oaxaca y zona conurbada, el partido MORENA acus\u00f3 de traidores de la patria a cinco diputados federales de la entidad que este mi\u00e9rcoles votaron en contra de la reforma electoral de la presidenta Claudia Sheinbaum Pardo o que se abstuvieron (en el caso de uno).<\/p>\n\n\n\n<p>Las lonas colgadas en sitios como el cerro del Fort\u00edn y el puente del crucero de San Agust\u00edn Yatareni aparecieron hoy jueves y tienen las im\u00e1genes de las y los legisladores Maribel Mart\u00ednez Ruiz (PT), Margarita Garc\u00eda (PT), Araceli Cruz (PT), Jos\u00e9 Alejandro L\u00f3pez S\u00e1nchez (PT), Alejandro Avil\u00e9s y Ra\u00fal Bola\u00f1os Cacho Cu\u00e9 (estos \u00faltimos ex pri\u00edstas y ahora del partido Verde Ecologista).<\/p>\n\n\n\n<p>El mi\u00e9rcoles, la c\u00e1mara de Diputados federal vot\u00f3 la reforma electoral propuesta por la presidenta para modificar la elecci\u00f3n de diputaciones y de senadur\u00edas federales, los tiempos electorales en radio y televisi\u00f3n y la disminuci\u00f3n de recursos para partidos pol\u00edticos. Sin embargo, solamente se obtuvieron 259 de los 334 votos (dos terceras partes) que se necesitaban para su aprobaci\u00f3n.<\/p>\n\n\n\n<p>La presidenta analiza ahora un plan B. Sin embargo, el gobernador de Oaxaca, Salom\u00f3n Jara Cruz, lament\u00f3 este jueves que los partidos aliados (PT y Verde Ecologista) no hayan respaldado a la presidenta. Aunque neg\u00f3 una ruptura con esos institutos pol\u00edticos.<\/p>\n\n\n\n<p>\u201cNo representa una ruptura, pero s\u00ed es una mala se\u00f1al, la poblaci\u00f3n mexicana seguramente va a tomar cartas en este asunto\u201d, expres\u00f3 en entrevista colectiva en la ciudad de Oaxaca.<\/p>\n\n\n\n<p>Por su parte, el Comit\u00e9 Ejecutivo Estatal del partido Morena tambi\u00e9n lament\u00f3 la falta de respaldo a la iniciativa de Sheinbaum.<\/p>\n\n\n\n<p>\u201cNo vamos a tolerar la traici\u00f3n al pueblo, no vamos a tolerar la traici\u00f3n al movimiento de la Cuarta Transformaci\u00f3n y la traici\u00f3n a la presidenta Claudia Sheinbaum Pardo\u201d, dijo el presidente del comit\u00e9 ejecutivo en Oaxaca, Alejandro Velasco Armas.<\/p>\n\n\n\n<p>A nombre del partido les recrimin\u00f3 el haber votado en contra de la reforma o abstenerse (en el caso de Ra\u00fal Bola\u00f1os Cacho Cu\u00e9), pues dijo que gracias a Morena es que ahora Avil\u00e9s y Cacho Cu\u00e9 representan al Verde<\/p>\n\n\n\n<p><strong>Los que se abstuvieron<\/strong><\/p>\n\n\n\n<p>Margarita Garc\u00eda, del Partido del Trabajo (PT), quien fue secretaria de previsi\u00f3n social del Sindicato de Trabajadores de los Poderes del Estado e Instituciones Descentralizadas de Car\u00e1cter Estatal de Oaxaca (2000-2002), presidenta del Comit\u00e9 Directivo Municipal de Convergencia en Oaxaca, Oaxaca (2006-2012), diputada local en la LXII Legislatura del Congreso de Oaxaca (2011-2013), diputada federal en la LXIV Legislatura (2018-2021) y diputada federal en la LXV Legislatura (2021-2024).<\/p>\n\n\n\n<p>Aracely Cruz, diputada plurinominal del PT y cuyo cargo es el primero de su trayectoria pol\u00edtica. La oaxaque\u00f1a ha denunciado al coordinador de delegados de Paz del gobierno de Oaxaca por ser un violentador de mujeres.<\/p>\n\n\n\n<p>Maribel Mart\u00ednez es diputada plurinominal del PT y esposa del tambi\u00e9n petista Benjam\u00edn Robles, originario de Michoac\u00e1n. Con la actual, son ya tres veces que ha tenido un cargo como legisladora de manera consecutiva desde el 2018.<\/p>\n\n\n\n<p>Alejandro L\u00f3pez S\u00e1nchez es por primera vez diputado federal por el PT (tambi\u00e9n plurinominal) y antes milit\u00f3 en el Partido de la Revoluci\u00f3n Democr\u00e1tica (PRD). Tambi\u00e9n fue candidato a diputado federal por el distrito 06, Tlaxiaco, Oaxaca, representando a la coalici\u00f3n \u201cPor M\u00e9xico al Frente\u201d (PRD, PAN, MC). Fue suplente de Alejandro Aparicio Santiago en el Congreso local de Oaxaca (2016-2018).<\/p>\n\n\n\n<p>Alejandro Avil\u00e9s, ahora del Verde Ecologista, ha sido diputado local en tres ocasiones en Oaxaca (2004-2007, 2013-2016 y 2021-2024), adem\u00e1s de presidente del comit\u00e9 directivo del PRI en Oaxaca.<\/p>\n\n\n\n<p>Por su parte, Ra\u00fal Bola\u00f1os Cacho Cu\u00e9 tambi\u00e9n viene de las filas del PRI, pero se pas\u00f3 al Verde Ecologista, partido por el que ha sido senador en la LXIV y LXV legislaturas (2018-2024). El hijo del ex presidente del Tribunal Superior de Justicia de Oaxaca, Ra\u00fal Bola\u00f1os Cacho Guzm\u00e1n, tambi\u00e9n se desempe\u00f1\u00f3 como secretario de Desarrollo Social y Humano del gobierno de Oaxaca (2016-2018).<\/p>\n\n\n\n<p><strong>Ricardo Monreal advierte que aliados del PT y Verde a\u00fan no est\u00e1n amarrados para el Plan B electoral; ser\u00e1 constitucional<\/strong><\/p>\n\n\n\n<p>A su vez, tras confirma que la nueva propuesta de reforma electoral ser\u00e1 constitucional, Ricardo Monreal \u00c1vila, coordinador de la bancada de MORENA en la C\u00e1mara de Diputados federal, reconoci\u00f3 que, pese a las negociaciones en curso, el Partido del Trabajo y el Partido Verde no tienen comprometidos sus votos para respaldar la nueva iniciativa de la presidenta Claudia Sheinbaum, conocida como Plan B.<\/p>\n\n\n\n<p>El legislador adelant\u00f3 que la nueva iniciativa presidencial \u2014que podr\u00eda presentarse entre el lunes y el martes de la pr\u00f3xima semana\u2014 tendr\u00e1 rango constitucional y no incluir\u00e1 modificaciones a leyes secundarias.<\/p>\n\n\n\n<p>\u201cEl Plan B es constitucional, no estamos hablando de leyes secundarias en este momento\u201d, afirm\u00f3.<\/p>\n\n\n\n<p>Entre los contenidos previstos para la nueva propuesta, Monreal detall\u00f3 que se contempla la reducci\u00f3n del costo de los congresos locales y de regidores en los ayuntamientos, la modificaci\u00f3n de la fecha de la revocaci\u00f3n de mandato y la posible postergaci\u00f3n de la elecci\u00f3n judicial hasta 2028 \u2014lo que implicar\u00eda cambios en art\u00edculos transitorios de la Constituci\u00f3n\u2014 as\u00ed como una reducci\u00f3n en los recursos destinados a empleados electorales tanto en la federaci\u00f3n como en los estados.<\/p>\n\n\n\n<p>Descart\u00f3 que la reducci\u00f3n del financiamiento a los partidos pol\u00edticos vuelva a figurar en la mesa, pues fue uno de los puntos rechazados por el Pleno de San L\u00e1zaro.<\/p>\n\n\n\n<p>Sobre las propuestas de incluir temas electorales en el cat\u00e1logo de consultas populares y recortar el presupuesto del Senado y de los congresos, Monreal dijo que s\u00ed podr\u00edan contemplarse, pero pidi\u00f3 esperar la redacci\u00f3n que presente el Ejecutivo federal.<\/p>\n\n\n\n<p>Por lo pronto, el coordinador morenista llam\u00f3 a sus aliados a no rechazar lo que calific\u00f3 como una oferta \u201cgenerosa y amplia\u201d de la mandataria.<\/p>\n\n\n\n<p>\u201cNo deber\u00eda, parte del PT y del Verde, rechazar esta oferta que la Presidenta hace de manera generosa y amplia, para que, a trav\u00e9s de una reforma, que no es la que ella quer\u00eda, pueda reconstruirse y sanar cualquier malentendido y volver a tener la fuerza pol\u00edtica y legislativa que el Pa\u00eds necesita\u201d, sostuvo.<\/p>\n\n\n\n<p>Aun as\u00ed, admiti\u00f3 que un nuevo rechazo de los aliados es un escenario previsible. \u201cPara m\u00ed son partido de confianza, a\u00fan con lo que pas\u00f3. Son veredas incidentales las que ellos tomaron, pero el gesto de la Presidenta hace recobrar el mismo camino principal (\u2026) No quiero pensar en eso, pero es previsible, como todo en la vida\u201d, declar\u00f3.<\/p>\n\n\n\n<p>Monreal calific\u00f3 la reuni\u00f3n del mi\u00e9rcoles en Palacio Nacional como un gesto democr\u00e1tico de Sheinbaum, quien el mismo d\u00eda en que la mayor\u00eda del PT y del Verde votaron en contra de su reforma electoral convoc\u00f3 a las fuerzas de la coalici\u00f3n a sentarse a dialogar.<\/p>\n\n\n\n<p>Neg\u00f3 que en ese encuentro hubiera rega\u00f1os. Seg\u00fan relat\u00f3, la reuni\u00f3n \u2014a la que asistieron MORENA, PT y Verde, junto con los coordinadores legislativos del Senado y la C\u00e1mara\u2014 se extendi\u00f3 por seis horas y concluy\u00f3 cerca de las dos de la madrugada.<\/p>\n\n\n\n<p>Sobre los legisladores de MORENA que votaron en contra o se ausentaron del Pleno, el coordinador dijo que no les har\u00e1 un llamado de atenci\u00f3n, pues esa responsabilidad corresponde a las instancias partidistas.<\/p>\n\n\n\n<p>Sin embargo, lament\u00f3 los votos disidentes y las ausencias y advirti\u00f3 que la militancia del partido es exigente. \u201cNuestra militancia es dura, nuestra militancia exige congruencia y consecuencia\u201d, advirti\u00f3.<\/p>\n\n\n\n<p>El mi\u00e9rcoles, las diputadas morenistas Giselle Arellano \u00c1vila, Alejandra Chedraui Peralta y Santy Montemayo votaron en contra de la propuesta presidencial. Cuatro legisladores m\u00e1s se ausentaron: Jes\u00fas Jim\u00e9nez, Iv\u00e1n Pe\u00f1a, Olga S\u00e1nchez Cordero y Manuel Espino, este \u00faltimo por razones de salud.<\/p>\n","protected":false},"excerpt":{"rendered":"<p>*Junto al PRI y Movimiento Ciudadano rechazaron la Reforma Electoral que present\u00f3 la presidenta Sheinbaum<\/p>\n","protected":false},"author":1,"featured_media":221522,"comment_status":"closed","ping_status":"closed","sticky":false,"template":"","format":"standard","meta":{"footnotes":""},"categories":[11,3,13,5,14],"tags":[],"class_list":["post-221521","post","type-post","status-publish","format-standard","has-post-thumbnail","hentry","category-capital","category-las-destacadas","category-nacional","category-politica","category-titulares"],"_links":{"self":[{"href":"https:\/\/oaxacadiaadia.com\/index.php?rest_route=\/wp\/v2\/posts\/221521","targetHints":{"allow":["GET"]}}],"collection":[{"href":"https:\/\/oaxacadiaadia.com\/index.php?rest_route=\/wp\/v2\/posts"}],"about":[{"href":"https:\/\/oaxacadiaadia.com\/index.php?rest_route=\/wp\/v2\/types\/post"}],"author":[{"embeddable":true,"href":"https:\/\/oaxacadiaadia.com\/index.php?rest_route=\/wp\/v2\/users\/1"}],"replies":[{"embeddable":true,"href":"https:\/\/oaxacadiaadia.com\/index.php?rest_route=%2Fwp%2Fv2%2Fcomments&post=221521"}],"version-history":[{"count":1,"href":"https:\/\/oaxacadiaadia.com\/index.php?rest_route=\/wp\/v2\/posts\/221521\/revisions"}],"predecessor-version":[{"id":221523,"href":"https:\/\/oaxacadiaadia.com\/index.php?rest_route=\/wp\/v2\/posts\/221521\/revisions\/221523"}],"wp:featuredmedia":[{"embeddable":true,"href":"https:\/\/oaxacadiaadia.com\/index.php?rest_route=\/wp\/v2\/media\/221522"}],"wp:attachment":[{"href":"https:\/\/oaxacadiaadia.com\/index.php?rest_route=%2Fwp%2Fv2%2Fmedia&parent=221521"}],"wp:term":[{"taxonomy":"category","embeddable":true,"href":"https:\/\/oaxacadiaadia.com\/index.php?rest_route=%2Fwp%2Fv2%2Fcategories&post=221521"},{"taxonomy":"post_tag","embeddable":true,"href":"https:\/\/oaxacadiaadia.com\/index.php?rest_route=%2Fwp%2Fv2%2Ftags&post=221521"}],"curies":[{"name":"wp","href":"https:\/\/api.w.org\/{rel}","templated":true}]}}