{"id":221518,"date":"2026-03-13T09:34:33","date_gmt":"2026-03-13T15:34:33","guid":{"rendered":"https:\/\/oaxacadiaadia.com\/?p=221518"},"modified":"2026-03-13T09:34:34","modified_gmt":"2026-03-13T15:34:34","slug":"queman-vehiculos-del-ayuntamiento-de-eloxochitlan","status":"publish","type":"post","link":"https:\/\/oaxacadiaadia.com\/?p=221518","title":{"rendered":"Queman veh\u00edculos del ayuntamiento de Eloxochitl\u00e1n"},"content":{"rendered":"\n<figure class=\"wp-block-image size-full\"><a href=\"https:\/\/oaxacadiaadia.com\/wp-content\/uploads\/2026\/03\/Queman-vehiculos-del-ayuntamiento-de-Eloxochitlan.jpg\"><img loading=\"lazy\" decoding=\"async\" width=\"398\" height=\"380\" src=\"https:\/\/oaxacadiaadia.com\/wp-content\/uploads\/2026\/03\/Queman-vehiculos-del-ayuntamiento-de-Eloxochitlan.jpg\" alt=\"\" class=\"wp-image-221519\" srcset=\"https:\/\/oaxacadiaadia.com\/wp-content\/uploads\/2026\/03\/Queman-vehiculos-del-ayuntamiento-de-Eloxochitlan.jpg 398w, https:\/\/oaxacadiaadia.com\/wp-content\/uploads\/2026\/03\/Queman-vehiculos-del-ayuntamiento-de-Eloxochitlan-300x286.jpg 300w\" sizes=\"auto, (max-width: 398px) 100vw, 398px\" \/><\/a><\/figure>\n\n\n\n<!--more-->\n\n\n\n<p>Oaxaca, Oaxaca, Viernes 13 de Marzo, 2026, (Fuente: X: @jaimeguerrero08).- Hechos violentos sacudieron la madrugada de este jueves al municipio de Eloxochitl\u00e1n de Flores Mag\u00f3n, del distrito de Teotitl\u00e1n de Flores Mag\u00f3n, regi\u00f3n Sierra de Flores Mag\u00f3n de Oaxaca, donde fueron incendiados veh\u00edculos oficiales pertenecientes al ayuntamiento en medio de conflicto poselectoral que mantiene dividida a la comunidad desde la asamblea de noviembre de 2025.<\/p>\n\n\n\n<p>El gobierno municipal encabezado por Joel Alonso P\u00e9rez Cerqueda confirm\u00f3 los hechos en un posicionamiento oficial y anunci\u00f3 que present\u00f3 las denuncias correspondientes ante la Fiscal\u00eda General de Oaxaca, que ya integra la carpeta de investigaci\u00f3n para esclarecer los hechos y determinar responsabilidades conforme a la ley.<\/p>\n\n\n\n<p>Inform\u00f3, adem\u00e1s, que la Guardia Nacional y la Polic\u00eda Estatal acudieron al lugar para tomar conocimiento de lo ocurrido y reforzar la seguridad en la zona.<\/p>\n\n\n\n<p>La administraci\u00f3n municipal destac\u00f3 que, pese a los hechos violentos, el gobierno contin\u00faa operando con regularidad y brindando atenci\u00f3n oportuna a la ciudadan\u00eda.<\/p>\n\n\n\n<p>Asegur\u00f3 que la poblaci\u00f3n se mantiene en calma y desarrolla sus actividades cotidianas con normalidad, y reiter\u00f3 que no caer\u00e1 en provocaciones ni participar\u00e1 en actos que atenten contra el patrimonio del pueblo.<\/p>\n\n\n\n<p>La v\u00eda institucional y legal, afirm\u00f3, ser\u00e1 el \u00fanico camino para esclarecer los hechos y definir responsabilidades.<\/p>\n\n\n\n<p>En ese sentido, el ayuntamiento conden\u00f3 en\u00e9rgicamente cualquier acto de violencia que busque alterar la paz social o afectar la seguridad y el patrimonio comunitario, y lanz\u00f3 un llamado a los habitantes a no dejarse confundir por informaci\u00f3n falsa y a privilegiar la paz, el respeto y la unidad.<\/p>\n\n\n\n<p>Reafirm\u00f3 su compromiso de trabajar con responsabilidad, legalidad y respeto a la voluntad popular para garantizar la estabilidad y el bienestar del municipio.<\/p>\n\n\n\n<p>En su comunicado, la administraci\u00f3n municipal rechaz\u00f3 la versi\u00f3n difundida por el Consejo Ind\u00edgena \u2014\u00f3rgano que apoya al exaspirante a la presidencia municipal Manuel Zepeda y a su hija, la diputada de Morena Elisa Zepeda Lagunas\u2014 y calific\u00f3 esa narrativa de falsa.<\/p>\n\n\n\n<p>Acus\u00f3 a ese grupo de mantener tomadas las instalaciones del Palacio Municipal tras no haber resultado favorecido en la asamblea electiva de autoridades celebrada el pasado 23 de noviembre, y se\u00f1al\u00f3 que sus integrantes han difundido versiones falsas sobre los hechos ocurridos esta madrugada.<\/p>\n\n\n\n<p>La versi\u00f3n del Consejo Ind\u00edgena es diametralmente opuesta y seg\u00fan sus dichos, el propio P\u00e9rez Cerqueda habr\u00eda ordenado el incendio de las camionetas como acto de intimidaci\u00f3n para coaccionar la manifestaci\u00f3n pac\u00edfica que mantiene la comunidad en protesta por una elecci\u00f3n que sus integrantes calificaron de fraudulenta.<\/p>\n\n\n\n<p>El Consejo Ind\u00edgena a\u00f1adi\u00f3 que, previo a los hechos de esta madrugada, personas afines al presidente municipal habr\u00edan macheteado el acordonamiento de las instalaciones, retirado lonas y destruido evidencias colocadas en el corredor del palacio, entre ellas un listado que \u2014aseguran\u2014 conten\u00eda nombres repetidos y que fue presentado como parte del expediente electoral. Tambi\u00e9n denunciaron que cartulinas de manifestaci\u00f3n instaladas en ese espacio fueron retiradas de manera ilegal.<\/p>\n\n\n\n<p>El \u00f3rgano comunitario indic\u00f3 que previamente hab\u00eda entregado al gobierno estatal una solicitud de intervenci\u00f3n para prevenir hechos de violencia y reiter\u00f3 su llamado a la Secretar\u00eda de Gobierno de Oaxaca para que act\u00fae de manera inmediata y garantice la seguridad de la poblaci\u00f3n.<\/p>\n\n\n\n<p>El conflicto en Eloxochitl\u00e1n de Flores Mag\u00f3n se agudiz\u00f3 desde la asamblea del 23 de noviembre de 2025, cuando la planilla encabezada por Joel Alonso P\u00e9rez Cerqueda gan\u00f3 con 908 votos frente a las 736 del candidato Manuel Zepeda Cort\u00e9s y las 327 de Gaspar Betanzos Fuentes.<\/p>\n\n\n\n<p>El IEEPCO (Instituto Estatal Electoral y de Participaci\u00f3n Ciudadana de Oaxaca) calific\u00f3 esa elecci\u00f3n como jur\u00eddicamente v\u00e1lida en diciembre pasado, aunque el Consejo Ind\u00edgena y sus aliados han impugnado el resultado y mantenido la toma del palacio.<\/p>\n","protected":false},"excerpt":{"rendered":"","protected":false},"author":1,"featured_media":221519,"comment_status":"closed","ping_status":"closed","sticky":false,"template":"","format":"standard","meta":{"footnotes":""},"categories":[3,7,4],"tags":[],"class_list":["post-221518","post","type-post","status-publish","format-standard","has-post-thumbnail","hentry","category-las-destacadas","category-municipal","category-policiaca"],"_links":{"self":[{"href":"https:\/\/oaxacadiaadia.com\/index.php?rest_route=\/wp\/v2\/posts\/221518","targetHints":{"allow":["GET"]}}],"collection":[{"href":"https:\/\/oaxacadiaadia.com\/index.php?rest_route=\/wp\/v2\/posts"}],"about":[{"href":"https:\/\/oaxacadiaadia.com\/index.php?rest_route=\/wp\/v2\/types\/post"}],"author":[{"embeddable":true,"href":"https:\/\/oaxacadiaadia.com\/index.php?rest_route=\/wp\/v2\/users\/1"}],"replies":[{"embeddable":true,"href":"https:\/\/oaxacadiaadia.com\/index.php?rest_route=%2Fwp%2Fv2%2Fcomments&post=221518"}],"version-history":[{"count":1,"href":"https:\/\/oaxacadiaadia.com\/index.php?rest_route=\/wp\/v2\/posts\/221518\/revisions"}],"predecessor-version":[{"id":221520,"href":"https:\/\/oaxacadiaadia.com\/index.php?rest_route=\/wp\/v2\/posts\/221518\/revisions\/221520"}],"wp:featuredmedia":[{"embeddable":true,"href":"https:\/\/oaxacadiaadia.com\/index.php?rest_route=\/wp\/v2\/media\/221519"}],"wp:attachment":[{"href":"https:\/\/oaxacadiaadia.com\/index.php?rest_route=%2Fwp%2Fv2%2Fmedia&parent=221518"}],"wp:term":[{"taxonomy":"category","embeddable":true,"href":"https:\/\/oaxacadiaadia.com\/index.php?rest_route=%2Fwp%2Fv2%2Fcategories&post=221518"},{"taxonomy":"post_tag","embeddable":true,"href":"https:\/\/oaxacadiaadia.com\/index.php?rest_route=%2Fwp%2Fv2%2Ftags&post=221518"}],"curies":[{"name":"wp","href":"https:\/\/api.w.org\/{rel}","templated":true}]}}