{"id":221516,"date":"2026-03-13T09:33:56","date_gmt":"2026-03-13T15:33:56","guid":{"rendered":"https:\/\/oaxacadiaadia.com\/?p=221516"},"modified":"2026-03-13T09:43:12","modified_gmt":"2026-03-13T15:43:12","slug":"uabjo-la-democracia-del-veto-y-el-garrote","status":"publish","type":"post","link":"https:\/\/oaxacadiaadia.com\/?p=221516","title":{"rendered":"UABJO: La democracia del veto y el garrote"},"content":{"rendered":"\n<figure class=\"wp-block-image size-full\"><a href=\"http:\/\/oaxacadiaadia.com\/wp-content\/uploads\/2025\/11\/Inicia-guerra-por-Derecho-UABJO.jpg\"><img loading=\"lazy\" decoding=\"async\" width=\"408\" height=\"230\" src=\"http:\/\/oaxacadiaadia.com\/wp-content\/uploads\/2025\/11\/Inicia-guerra-por-Derecho-UABJO.jpg\" alt=\"\" class=\"wp-image-218408\" srcset=\"https:\/\/oaxacadiaadia.com\/wp-content\/uploads\/2025\/11\/Inicia-guerra-por-Derecho-UABJO.jpg 408w, https:\/\/oaxacadiaadia.com\/wp-content\/uploads\/2025\/11\/Inicia-guerra-por-Derecho-UABJO-300x169.jpg 300w\" sizes=\"auto, (max-width: 408px) 100vw, 408px\" \/><\/a><\/figure>\n\n\n\n<!--more-->\n\n\n\n<p>Oaxaca, Oaxaca, Viernes 13 de Marzo, 2026, (Fuente: Agencias).- La UABJO no se sacude el polvo de la ignominia. Lo que nos vendieron como una \u201centrega institucional\u201d de Ciudad Universitaria es, en realidad, el acta de nacimiento de un pacto oscuro, operado con la finura de un mazo.<\/p>\n\n\n\n<p>Bajo las \u00f3rdenes de Cristian Eder Carre\u00f1o L\u00f3pez \u2014quien se aferra a la Rector\u00eda como n\u00e1ufrago a su tabla\u2014, el abogado general, Adolfo Demetrio G\u00f3mez Hern\u00e1ndez, acudi\u00f3 a recibir las llaves de una universidad que ya no le pertenece a los estudiantes, sino a los mercaderes del voto.<\/p>\n\n\n\n<p>El trasfondo del \u201cacuerdo\u201d es de un cinismo absoluto.<\/p>\n\n\n\n<p>Carre\u00f1o promete validar una nueva elecci\u00f3n en la Facultad de Derecho y Ciencias Sociales, pero con una condici\u00f3n que despedaza cualquier rastro de autonom\u00eda: el veto directo a Fredy S\u00e1nchez Garc\u00eda.<\/p>\n\n\n\n<p>La raz\u00f3n del descarte no es acad\u00e9mica, ni t\u00e9cnica, ni \u00e9tica.<\/p>\n\n\n\n<p>A S\u00e1nchez Garc\u00eda lo condenan por \u201ctibio\u201d. En el tribunal de la Rector\u00eda, su pecado capital fue no haber servido de ariete en la guerra contra la Secretar\u00eda de Gobierno de Jes\u00fas Romero L\u00f3pez.<\/p>\n\n\n\n<p>Aqu\u00ed no se busca a un director que sepa de leyes, se busca a un sicario pol\u00edtico que sepa morder la mano que le indiquen.<\/p>\n\n\n\n<p>Es de una bajeza inaudita que el encargado de la Rector\u00eda utilice la validaci\u00f3n de un proceso electoral como moneda de cambio para cobrar venganzas personales.<\/p>\n\n\n\n<p>Si S\u00e1nchez Garc\u00eda no \u201cayud\u00f3 a defender el movimiento\u201d, se le anula.<\/p>\n\n\n\n<p>As\u00ed, sin m\u00e1s. La M\u00e1xima Casa de Estudios reducida a una pandilla donde la lealtad al jefe vale m\u00e1s que el voto en las urnas.<\/p>\n\n\n\n<p>La pregunta es obligada: \u00bfDesde cu\u00e1ndo la Rector\u00eda tiene la facultad moral o legal de decidir qui\u00e9n puede o no participar en una elecci\u00f3n, bas\u00e1ndose en su desempe\u00f1o como \u201cdefensor de movimientos\u201d contra el gobierno del estado?<\/p>\n\n\n\n<p>Cristian Carre\u00f1o est\u00e1 jugando un juego peligroso.<\/p>\n\n\n\n<p>Al dinamitar la elecci\u00f3n de Derecho para cerrarle el paso a quien no le fue \u00fatil en sus pleitos de oficina con la SEGO, est\u00e1 enviando un mensaje claro: en la UABJO hay elecciones, pero el ganador ya est\u00e1 decidido en el despacho de la Rector\u00eda.<\/p>\n\n\n\n<p>La \u201cprometedora\u201d validaci\u00f3n que ofrece Carre\u00f1o es una trampa.<\/p>\n\n\n\n<p>No est\u00e1n recuperando la universidad, est\u00e1n terminando de lotearla. La Facultad de Derecho, cuna de abogados, hoy es el escenario de una farsa donde la ley es lo que menos importa.<\/p>\n\n\n\n<p><strong>Desacuerdos, a trav\u00e9s de cauces institucionales<\/strong><\/p>\n\n\n\n<p>Por su parte, la Universidad Aut\u00f3noma \u201cBenito Ju\u00e1rez\u201d de Oaxaca (UABJO) dio a conocer un comunicado:<\/p>\n\n\n\n<p>A la Comunidad Universitaria:<\/p>\n\n\n\n<p>Esta Administraci\u00f3n Central informa que, en relaci\u00f3n al conflicto que atraviesa la Facultad de Derecho y Ciencias Sociales, conflicto que ha afectado la vida acad\u00e9mica de Ciudad Universitaria, se ha mantenido un constante di\u00e1logo con las partes involucradas.<\/p>\n\n\n\n<p>Derivado de este di\u00e1logo y para retomar la vida acad\u00e9mica y administrativa de nuestra Universidad, se ha determinado que es el Rector quien asume la responsabilidad de los tr\u00e1mites administrativos y acad\u00e9micos, para poder regularizar todos los procesos de la Facultad de Derecho y Ciencias Sociales.<\/p>\n\n\n\n<p>Esto, conlleva la responsabilidad de todas las partes involucradas en este conflicto, para conseguir una soluci\u00f3n de fondo y permanente, que permita la estabilidad en dicha Facultad y que esto no siga afectando a otras Unidades Acad\u00e9micas.<\/p>\n\n\n\n<p>Esta Rector\u00eda, reitera que debe ser por los cauces institucionales, c\u00f3mo se deben dirimir los desacuerdos internos de todas las Unidades Acad\u00e9micas.<\/p>\n","protected":false},"excerpt":{"rendered":"","protected":false},"author":1,"featured_media":218408,"comment_status":"closed","ping_status":"closed","sticky":false,"template":"","format":"standard","meta":{"footnotes":""},"categories":[11,3,14],"tags":[],"class_list":["post-221516","post","type-post","status-publish","format-standard","has-post-thumbnail","hentry","category-capital","category-las-destacadas","category-titulares"],"_links":{"self":[{"href":"https:\/\/oaxacadiaadia.com\/index.php?rest_route=\/wp\/v2\/posts\/221516","targetHints":{"allow":["GET"]}}],"collection":[{"href":"https:\/\/oaxacadiaadia.com\/index.php?rest_route=\/wp\/v2\/posts"}],"about":[{"href":"https:\/\/oaxacadiaadia.com\/index.php?rest_route=\/wp\/v2\/types\/post"}],"author":[{"embeddable":true,"href":"https:\/\/oaxacadiaadia.com\/index.php?rest_route=\/wp\/v2\/users\/1"}],"replies":[{"embeddable":true,"href":"https:\/\/oaxacadiaadia.com\/index.php?rest_route=%2Fwp%2Fv2%2Fcomments&post=221516"}],"version-history":[{"count":1,"href":"https:\/\/oaxacadiaadia.com\/index.php?rest_route=\/wp\/v2\/posts\/221516\/revisions"}],"predecessor-version":[{"id":221517,"href":"https:\/\/oaxacadiaadia.com\/index.php?rest_route=\/wp\/v2\/posts\/221516\/revisions\/221517"}],"wp:featuredmedia":[{"embeddable":true,"href":"https:\/\/oaxacadiaadia.com\/index.php?rest_route=\/wp\/v2\/media\/218408"}],"wp:attachment":[{"href":"https:\/\/oaxacadiaadia.com\/index.php?rest_route=%2Fwp%2Fv2%2Fmedia&parent=221516"}],"wp:term":[{"taxonomy":"category","embeddable":true,"href":"https:\/\/oaxacadiaadia.com\/index.php?rest_route=%2Fwp%2Fv2%2Fcategories&post=221516"},{"taxonomy":"post_tag","embeddable":true,"href":"https:\/\/oaxacadiaadia.com\/index.php?rest_route=%2Fwp%2Fv2%2Ftags&post=221516"}],"curies":[{"name":"wp","href":"https:\/\/api.w.org\/{rel}","templated":true}]}}