{"id":221489,"date":"2026-03-12T12:01:30","date_gmt":"2026-03-12T18:01:30","guid":{"rendered":"https:\/\/oaxacadiaadia.com\/?p=221489"},"modified":"2026-03-12T12:01:31","modified_gmt":"2026-03-12T18:01:31","slug":"dueno-de-colegio-privado-reta-a-la-autoridad","status":"publish","type":"post","link":"https:\/\/oaxacadiaadia.com\/?p=221489","title":{"rendered":"Due\u00f1o de colegio privado reta a la autoridad"},"content":{"rendered":"\n<figure class=\"wp-block-image size-full\"><a href=\"https:\/\/oaxacadiaadia.com\/wp-content\/uploads\/2026\/03\/Dueno-de-colegio-privado-reta-a-la-autoridad.jpg\"><img loading=\"lazy\" decoding=\"async\" width=\"402\" height=\"241\" src=\"https:\/\/oaxacadiaadia.com\/wp-content\/uploads\/2026\/03\/Dueno-de-colegio-privado-reta-a-la-autoridad.jpg\" alt=\"\" class=\"wp-image-221490\" srcset=\"https:\/\/oaxacadiaadia.com\/wp-content\/uploads\/2026\/03\/Dueno-de-colegio-privado-reta-a-la-autoridad.jpg 402w, https:\/\/oaxacadiaadia.com\/wp-content\/uploads\/2026\/03\/Dueno-de-colegio-privado-reta-a-la-autoridad-300x180.jpg 300w\" sizes=\"auto, (max-width: 402px) 100vw, 402px\" \/><\/a><\/figure>\n\n\n\n<p>*Familia Sarmiento exige al Municipio acreditar que su predio es v\u00eda p\u00fablica antes de ordenar alineamiento; advierten que bloquear instalaciones educativas es un delito<\/p>\n\n\n\n<!--more-->\n\n\n\n<p>Oaxaca, Oaxaca, Jueves 12 de Marzo, 2026, (Fuente: elpinero.mx).- La familia Sarmiento sostiene que el predio en disputa con vecinos de la calle Volc\u00e1n de Fuego de colonia Volcanes (en la capital de Oaxaca) es propiedad privada plenamente documentada, y que la autoridad municipal tendr\u00eda que demostrar primero que el \u00e1rea en cuesti\u00f3n se convirti\u00f3 en v\u00eda p\u00fablica antes de exigir cualquier alineaci\u00f3n.<\/p>\n\n\n\n<p>As\u00ed lo expuso el abogado de la familia, Marco Antonio Ayuso Rodr\u00edguez, tras una reuni\u00f3n sostenida este martes con colonos inconformes.<\/p>\n\n\n\n<p>El litigante precis\u00f3 que la familia cuenta con escrituras que abarcan con exactitud las l\u00edneas y colindancias del inmueble hasta donde se encuentra la barda \u2014de aproximadamente cien a\u00f1os de antig\u00fcedad\u2014, l\u00edmite reconocido por resoluciones presidenciales, entre ellas una resoluci\u00f3n de inafectabilidad que determina que el predio ya no puede ser afectado en materia agraria.<\/p>\n\n\n\n<p>El predio forma parte de lo que fue la Ex Hacienda San Luis Beltr\u00e1n.<\/p>\n\n\n\n<p>Ayuso Rodr\u00edguez record\u00f3 que la familia ha cedido superficies a lo largo de d\u00e9cadas para distintos usos colectivos: terrenos para el n\u00facleo agrario de Donaj\u00ed desde aproximadamente 1930, para una escuela y para canchas deportivas en la colonia Los R\u00edos, todas desprendidas del mismo inmueble.<\/p>\n\n\n\n<p>\u201cYa no puede afectarse m\u00e1s porque ya dur\u00f3 mucho el reparto agrario\u201d, sostuvo.<\/p>\n\n\n\n<p>El conflicto se origin\u00f3 porque colonos reclaman cinco metros de espacio para banqueta, pero el abogado advirti\u00f3 que hay desinformaci\u00f3n porque los inconformes pretenden una alineaci\u00f3n a lo largo de todo el per\u00edmetro del predio lo que representar\u00eda la cesi\u00f3n de aproximadamente una hect\u00e1rea y media de terreno.<\/p>\n\n\n\n<p>La familia present\u00f3 sus argumentos y pruebas documentales ante el Municipio y solicit\u00f3 una reconsideraci\u00f3n del oficio de alineamiento emitido.<\/p>\n\n\n\n<p>De no obtener respuesta favorable, el siguiente paso ser\u00eda interponer un amparo.<\/p>\n\n\n\n<p>Ayuso Rodr\u00edguez se\u00f1al\u00f3 tambi\u00e9n que los vecinos han sido mal informados por funcionarios municipales, quienes les han hecho creer que la familia desacata una orden de ley cuando, en realidad, se trata de un tr\u00e1mite en revisi\u00f3n.<\/p>\n\n\n\n<p>Los intentos de di\u00e1logo con el Municipio no han prosperado: \u201cQuedaron en ir a la cita y nunca llegaron\u201d, indic\u00f3.<\/p>\n\n\n\n<p>Ante la posibilidad de que colonos bloqueen los accesos del Instituto Luis Sarmiento, plantel educativo privado ubicado en el predio, el abogado advirti\u00f3 que tal acci\u00f3n implicar\u00eda una violaci\u00f3n al derecho a la educaci\u00f3n de los menores y, si se impidiera la salida de alumnos ya dentro de las instalaciones, podr\u00eda constituir una conducta delictiva.<\/p>\n\n\n\n<p>\u201cLa escuela est\u00e1 obligada a realizar acciones que vayan a proteger a los menores\u201d, afirm\u00f3.<\/p>\n\n\n\n<p>Como antecedente, la familia respalda su posici\u00f3n en una resoluci\u00f3n del tribunal agrario firmada por el presidente Miguel Alem\u00e1n Vald\u00e9s el 29 de marzo de 1951 y publicada en el Diario Oficial de la Federaci\u00f3n.<\/p>\n\n\n\n<p>Advierte que los asentamientos irregulares establecidos a partir de 1975 en la acera opuesta a la barda \u201cno respetaron el alineamiento para agrandar sus predios, generando ellos mismos la problem\u00e1tica que hoy quieren corregir invadiendo otro predio\u201d.<\/p>\n\n\n\n<p>La barda acumul\u00f3 da\u00f1os por afectaciones dolosas con maquinaria pesada y por los sismos de agosto y diciembre de 2025, lo que motiv\u00f3 una indicaci\u00f3n de Protecci\u00f3n Civil; al iniciarse los trabajos de nivelaci\u00f3n, vecinos y organizaciones sociales obstaculizaron las labores e incluso cortaron con navaja una lona de protecci\u00f3n perimetral.<\/p>\n\n\n\n<p>La familia se\u00f1ala que desde 2001 distintos actores han intentado, mediante amenazas y difamaciones, acusar que los terrenos son producto de una invasi\u00f3n, y que el propio movimiento ha reconocido p\u00fablicamente contar con contactos dentro del Ayuntamiento.<\/p>\n\n\n\n<p>Pese a ello, hace un llamado al Municipio al respeto de las garant\u00edas constitucionales y la propiedad privada, e invita a los vecinos inconformes \u201ca la civilidad y el di\u00e1logo\u201d.<\/p>\n","protected":false},"excerpt":{"rendered":"<p>*Familia Sarmiento exige al Municipio acreditar que su predio es v\u00eda p\u00fablica antes de ordenar alineamiento; advierten que bloquear instalaciones<\/p>\n","protected":false},"author":1,"featured_media":221490,"comment_status":"closed","ping_status":"closed","sticky":false,"template":"","format":"standard","meta":{"footnotes":""},"categories":[11,3],"tags":[],"class_list":["post-221489","post","type-post","status-publish","format-standard","has-post-thumbnail","hentry","category-capital","category-las-destacadas"],"_links":{"self":[{"href":"https:\/\/oaxacadiaadia.com\/index.php?rest_route=\/wp\/v2\/posts\/221489","targetHints":{"allow":["GET"]}}],"collection":[{"href":"https:\/\/oaxacadiaadia.com\/index.php?rest_route=\/wp\/v2\/posts"}],"about":[{"href":"https:\/\/oaxacadiaadia.com\/index.php?rest_route=\/wp\/v2\/types\/post"}],"author":[{"embeddable":true,"href":"https:\/\/oaxacadiaadia.com\/index.php?rest_route=\/wp\/v2\/users\/1"}],"replies":[{"embeddable":true,"href":"https:\/\/oaxacadiaadia.com\/index.php?rest_route=%2Fwp%2Fv2%2Fcomments&post=221489"}],"version-history":[{"count":1,"href":"https:\/\/oaxacadiaadia.com\/index.php?rest_route=\/wp\/v2\/posts\/221489\/revisions"}],"predecessor-version":[{"id":221491,"href":"https:\/\/oaxacadiaadia.com\/index.php?rest_route=\/wp\/v2\/posts\/221489\/revisions\/221491"}],"wp:featuredmedia":[{"embeddable":true,"href":"https:\/\/oaxacadiaadia.com\/index.php?rest_route=\/wp\/v2\/media\/221490"}],"wp:attachment":[{"href":"https:\/\/oaxacadiaadia.com\/index.php?rest_route=%2Fwp%2Fv2%2Fmedia&parent=221489"}],"wp:term":[{"taxonomy":"category","embeddable":true,"href":"https:\/\/oaxacadiaadia.com\/index.php?rest_route=%2Fwp%2Fv2%2Fcategories&post=221489"},{"taxonomy":"post_tag","embeddable":true,"href":"https:\/\/oaxacadiaadia.com\/index.php?rest_route=%2Fwp%2Fv2%2Ftags&post=221489"}],"curies":[{"name":"wp","href":"https:\/\/api.w.org\/{rel}","templated":true}]}}