{"id":221486,"date":"2026-03-12T11:58:46","date_gmt":"2026-03-12T17:58:46","guid":{"rendered":"https:\/\/oaxacadiaadia.com\/?p=221486"},"modified":"2026-03-12T11:58:47","modified_gmt":"2026-03-12T17:58:47","slug":"desechan-reforma-electoral-de-sheinbaum","status":"publish","type":"post","link":"https:\/\/oaxacadiaadia.com\/?p=221486","title":{"rendered":"Desechan Reforma Electoral de Sheinbaum"},"content":{"rendered":"\n<figure class=\"wp-block-image size-full\"><a href=\"https:\/\/oaxacadiaadia.com\/wp-content\/uploads\/2026\/03\/Desechan-Reforma-Electoral-de-Sheinbaum.jpg\"><img loading=\"lazy\" decoding=\"async\" width=\"427\" height=\"285\" src=\"https:\/\/oaxacadiaadia.com\/wp-content\/uploads\/2026\/03\/Desechan-Reforma-Electoral-de-Sheinbaum.jpg\" alt=\"\" class=\"wp-image-221487\" srcset=\"https:\/\/oaxacadiaadia.com\/wp-content\/uploads\/2026\/03\/Desechan-Reforma-Electoral-de-Sheinbaum.jpg 427w, https:\/\/oaxacadiaadia.com\/wp-content\/uploads\/2026\/03\/Desechan-Reforma-Electoral-de-Sheinbaum-300x200.jpg 300w\" sizes=\"auto, (max-width: 427px) 100vw, 427px\" \/><\/a><\/figure>\n\n\n\n<p>*\u201cUna vez que se vote y una vez que se rechace, comenzaremos a construir el Plan B de la reforma electoral, dijo el coordinador de MORENA en la C\u00e1mara de Diputados federal, Ricardo Monreal<\/p>\n\n\n\n<!--more-->\n\n\n\n<p>Oaxaca, Oaxaca, Jueves 12 de Marzo, 2026, (Fuente: X: @jaimeguerrero08).- La C\u00e1mara de Diputados federal desech\u00f3 este mi\u00e9rcoles la reforma electoral de la presidenta Claudia Sheinbaum, al no alcanzar la mayor\u00eda calificada requerida para modificar la Constituci\u00f3n. Con 259 votos a favor, 234 en contra y una abstenci\u00f3n, la iniciativa qued\u00f3 lejos de los 334 sufragios necesarios. La presidenta de la Mesa Directiva, Kenia L\u00f3pez Rabad\u00e1n, declar\u00f3 desechado el dictamen.<\/p>\n\n\n\n<p>Por primera vez, desde la llegada de la alianza MORENA-PT-PVEM a la presidencia de la rep\u00fablica, los aliados del partido guinda rechazaron una propuesta de enmienda constitucional.&nbsp;<\/p>\n\n\n\n<p>El Partido del Trabajo vot\u00f3 mayoritariamente en contra \u201447 de sus 49 legisladores\u2014 y el PVEM lo hizo de forma dividida: la mayor parte de su bancada se sum\u00f3 al rechazo, aunque una decena de diputados que llegaron bajo las siglas de MORENA en 2024 respaldaron el dictamen.<\/p>\n\n\n\n<p>Ra\u00fal Bola\u00f1os Cacho, vicepresidente de la Mesa Directiva por el Verde, fue la \u00fanica abstenci\u00f3n registrada en el tablero.<\/p>\n\n\n\n<p>Desde la tribuna, el coordinador de MORENA, Ricardo Monreal, defendi\u00f3 la iniciativa presidencial y anticip\u00f3 lo que vendr\u00eda tras el resultado.<\/p>\n\n\n\n<p>\u201cUna vez que se vote y una vez que se rechace, comenzaremos a construir el Plan B de la reforma electoral, porque no desmayemos, no vamos a rendirnos, no vamos a claudicar\u201d, dijo, acompa\u00f1ado por legisladores de su bancada.<\/p>\n\n\n\n<p>Monreal asegur\u00f3 que las ideas nacidas del pueblo \u201cse terminan convirtiendo en ley tarde o temprano\u201d y que la historia sabr\u00e1 \u201cqui\u00e9n estuvo del lado de la democracia\u201d.<\/p>\n\n\n\n<p>Cerr\u00f3 su posicionamiento con un respaldo expl\u00edcito a Sheinbaum: \u201cestamos del lado del pueblo, estamos del lado de M\u00e9xico y estamos con la presidenta Claudia Sheinbaum Pardo\u201d.<\/p>\n\n\n\n<p>El legislador tambi\u00e9n dirigi\u00f3 un mensaje a los aliados: \u201cA nuestros aliados, que hoy pueden caminar por veredas distintas, les expresamos nuestro respeto. Las coyunturas legislativas pasan, porque los procesos pol\u00edticos permanecen.\u201d<\/p>\n\n\n\n<p>La oposici\u00f3n, por su parte, cuestion\u00f3 el fondo de la propuesta. El priista Rub\u00e9n Moreira Valdez llam\u00f3 al dictamen \u201cla ley Maduro\u201d y argument\u00f3 que con la f\u00f3rmula propuesta MORENA obtendr\u00eda el 67% de los esca\u00f1os con apenas el 47% de los votos.&nbsp;<\/p>\n\n\n\n<p>El petista Reginaldo Sandoval reafirm\u00f3 el respaldo de su partido a la presidenta, pero explic\u00f3 que rechazaban el dictamen porque el nuevo esquema plurinominal pone en riesgo la paridad de g\u00e9nero y distorsiona la representaci\u00f3n de los estados con menor padr\u00f3n electoral.<\/p>\n\n\n\n<p>Carlos Puente, del PVEM, argument\u00f3 que la propuesta altera la asignaci\u00f3n de representaci\u00f3n por circunscripci\u00f3n y debilita a los partidos.<\/p>\n\n\n\n<p>Con la reforma desechada en San L\u00e1zaro, el esquema electoral para los comicios de 2027 permanece intacto: los 200 diputados de representaci\u00f3n proporcional seguir\u00e1n eligi\u00e9ndose mediante las listas de los partidos, los 32 senadores plurinominales no desaparecer\u00e1n, y el financiamiento p\u00fablico a los partidos no ser\u00e1 recortado en el 25% que contemplaba el dictamen.<\/p>\n\n\n\n<p>La iniciativa, presentada por Sheinbaum el 4 de marzo, buscaba reformar 14 art\u00edculos constitucionales.<\/p>\n\n\n\n<p>Entre sus puntos centrales figuraban la eliminaci\u00f3n de los 32 senadores plurinominales, la modificaci\u00f3n del mecanismo de elecci\u00f3n de los 200 diputados de representaci\u00f3n proporcional y una reducci\u00f3n del 25% en el financiamiento p\u00fablico a partidos pol\u00edticos y \u00f3rganos electorales.<\/p>\n\n\n\n<p>La presidenta Sheinbaum declin\u00f3 pronunciarse sobre el resultado y ratific\u00f3 su convicci\u00f3n de haber cumplido con la demanda ciudadana en torno a la modificaci\u00f3n del sistema electoral, se\u00f1alando que corresponder\u00e1 a la gente evaluar el desempe\u00f1o de los legisladores sobre esta reforma.&nbsp;<\/p>\n\n\n\n<p>Desde antes de la votaci\u00f3n, la mandataria hab\u00eda descartado hacer un llamado adicional a sus aliados: \u201cque cada quien decida\u201d, dijo.<\/p>\n\n\n\n<p><strong>La abstenci\u00f3n del PVEM que marc\u00f3 la votaci\u00f3n en la Reforma Electoral: Bola\u00f1os Cacho Cu\u00e9 cuida su posici\u00f3n de cara a la presidencia de la Mesa Directiva<\/strong><\/p>\n\n\n\n<p>Y es que, el \u00fanico voto en blanco en el rechazo a la reforma electoral de Sheinbaum fue el del diputado oaxaque\u00f1o del Verde, Ra\u00fal Bola\u00f1os Cacho Cu\u00e9, quien en septiembre pr\u00f3ximo asumir\u00e1 la conducci\u00f3n de la C\u00e1mara en el dif\u00edcil tercer a\u00f1o legislativo.<\/p>\n\n\n\n<p>La votaci\u00f3n con la que la C\u00e1mara de Diputados desech\u00f3 la reforma electoral de la presidenta Claudia Sheinbaum tuvo un dato que no pas\u00f3 desapercibido: la \u00fanica abstenci\u00f3n en el tablero electr\u00f3nico fue la del diputado Ra\u00fal Bola\u00f1os Cacho Cu\u00e9, del Partido Verde Ecologista de M\u00e9xico (PVEM) y actual vicepresidente de la Mesa Directiva.<\/p>\n\n\n\n<p>El gesto fue le\u00eddo en los pasillos de San L\u00e1zaro como un movimiento de preservaci\u00f3n institucional: en septiembre de 2026, Bola\u00f1os Cacho Cu\u00e9 est\u00e1 llamado a asumir la presidencia de la C\u00e1mara para el tercer y \u00faltimo a\u00f1o de la LXVI Legislatura, el periodo m\u00e1s complicado del ciclo legislativo por la cercan\u00eda con los comicios intermedios de 2027.<\/p>\n\n\n\n<p>El voto en abstenci\u00f3n contrasta con la postura del resto de la bancada del Verde, que se dividi\u00f3 de manera significativa.<\/p>\n\n\n\n<p>De sus 62 legisladores, 49 votaron en contra del dictamen y 12 lo respaldaron. Los votos a favor del PVEM correspondieron en su mayor\u00eda a legisladores que compitieron en 2024 bajo las siglas de MORENA, pero se incorporaron posteriormente a la bancada ecologista, y cuyas posiciones responden a c\u00e1lculos electorales locales.<\/p>\n\n\n\n<p>Entre quienes votaron a favor del dictamen desde las filas del Verde figuraron Jos\u00e9 Bra\u00f1a Mojica, Manuel Cota, Iv\u00e1n Mar\u00edn, Mario L\u00f3pez, Anabel Acosta, Jos\u00e9 Guzm\u00e1n, Alejandro P\u00e9rez Cu\u00e9llar, Denisse Guzm\u00e1n, Marcela Silva y Blanca Hern\u00e1ndez.<\/p>\n\n\n\n<p>La abstenci\u00f3n de Bola\u00f1os Cacho Cu\u00e9 se inscribe en una trayectoria de perfil institucional que ha construido desde que asumi\u00f3 la tercera vicepresidencia de la Mesa Directiva en septiembre de 2025.<\/p>\n\n\n\n<p>Al tomar posesi\u00f3n del cargo, el legislador oaxaque\u00f1o se\u00f1al\u00f3 que promover\u00eda la correcta conducci\u00f3n de los debates y el orden en la C\u00e1mara, y que utilizar\u00eda la buena pol\u00edtica en todos los momentos en que fuera necesario dialogar.<\/p>\n\n\n\n<p>Destac\u00f3 entonces que, aunque con Kenia L\u00f3pez Rabad\u00e1n no comparten posturas pol\u00edticas, ambos coinciden en que la pol\u00edtica se hace con di\u00e1logo y con institucionalidad.&nbsp;<\/p>\n\n\n\n<p>Esa misma l\u00f3gica se expres\u00f3 en la sesi\u00f3n del mi\u00e9rcoles con un voto que no tom\u00f3 partido ni con la mayor\u00eda de su bancada ni con el oficialismo.<\/p>\n\n\n\n<p>A lo largo de este segundo a\u00f1o legislativo, el diputado verde apel\u00f3 en m\u00e1s de una ocasi\u00f3n a la buena pol\u00edtica y al cumplimiento de los acuerdos como condici\u00f3n para el funcionamiento ordenado de la C\u00e1mara.&nbsp;<\/p>\n\n\n\n<p>En noviembre de 2025, durante la tensa discusi\u00f3n del Presupuesto de Egresos de la Federaci\u00f3n 2026, fue uno de los interlocutores que llam\u00f3 a la civilidad cuando la sesi\u00f3n se tens\u00f3 entre la mayor\u00eda y la oposici\u00f3n.<\/p>\n\n\n\n<p>La Ley Org\u00e1nica del Congreso establece que la presidencia de la Mesa Directiva rota anualmente entre los distintos grupos parlamentarios en orden decreciente de representaci\u00f3n.<\/p>\n\n\n\n<p>Conforme a ese calendario, el periodo de Kenia L\u00f3pez Rabad\u00e1n al frente de la presidencia concluye el 31 de agosto de 2026.&nbsp;<\/p>\n\n\n\n<p>La presidencia del tercer a\u00f1o recaer\u00e1 entonces en el PVEM, el tercer partido en tama\u00f1o dentro de la actual legislatura, y el nombre que ya se\u00f1alan los acuerdos de la Jucopo es el de Bola\u00f1os Cacho Cu\u00e9.<\/p>\n\n\n\n<p>El tercer a\u00f1o de una legislatura es el m\u00e1s delicado: la agenda legislativa compite con las precampa\u00f1as informales, los acuerdos se fragmentan y la gobernabilidad del pleno se vuelve m\u00e1s exigente.<\/p>\n\n\n\n<p>La abstenci\u00f3n del mi\u00e9rcoles, le\u00edda en ese contexto, fue tambi\u00e9n una declaraci\u00f3n de principios sobre el rol que el diputado oaxaque\u00f1o busca desempe\u00f1ar cuando le corresponda conducir desde el pres\u00eddium la c\u00e1mara de diputados.<\/p>\n","protected":false},"excerpt":{"rendered":"<p>*\u201cUna vez que se vote y una vez que se rechace, comenzaremos a construir el Plan B de la reforma<\/p>\n","protected":false},"author":1,"featured_media":221487,"comment_status":"closed","ping_status":"closed","sticky":false,"template":"","format":"standard","meta":{"footnotes":""},"categories":[3,13,5,14],"tags":[],"class_list":["post-221486","post","type-post","status-publish","format-standard","has-post-thumbnail","hentry","category-las-destacadas","category-nacional","category-politica","category-titulares"],"_links":{"self":[{"href":"https:\/\/oaxacadiaadia.com\/index.php?rest_route=\/wp\/v2\/posts\/221486","targetHints":{"allow":["GET"]}}],"collection":[{"href":"https:\/\/oaxacadiaadia.com\/index.php?rest_route=\/wp\/v2\/posts"}],"about":[{"href":"https:\/\/oaxacadiaadia.com\/index.php?rest_route=\/wp\/v2\/types\/post"}],"author":[{"embeddable":true,"href":"https:\/\/oaxacadiaadia.com\/index.php?rest_route=\/wp\/v2\/users\/1"}],"replies":[{"embeddable":true,"href":"https:\/\/oaxacadiaadia.com\/index.php?rest_route=%2Fwp%2Fv2%2Fcomments&post=221486"}],"version-history":[{"count":1,"href":"https:\/\/oaxacadiaadia.com\/index.php?rest_route=\/wp\/v2\/posts\/221486\/revisions"}],"predecessor-version":[{"id":221488,"href":"https:\/\/oaxacadiaadia.com\/index.php?rest_route=\/wp\/v2\/posts\/221486\/revisions\/221488"}],"wp:featuredmedia":[{"embeddable":true,"href":"https:\/\/oaxacadiaadia.com\/index.php?rest_route=\/wp\/v2\/media\/221487"}],"wp:attachment":[{"href":"https:\/\/oaxacadiaadia.com\/index.php?rest_route=%2Fwp%2Fv2%2Fmedia&parent=221486"}],"wp:term":[{"taxonomy":"category","embeddable":true,"href":"https:\/\/oaxacadiaadia.com\/index.php?rest_route=%2Fwp%2Fv2%2Fcategories&post=221486"},{"taxonomy":"post_tag","embeddable":true,"href":"https:\/\/oaxacadiaadia.com\/index.php?rest_route=%2Fwp%2Fv2%2Ftags&post=221486"}],"curies":[{"name":"wp","href":"https:\/\/api.w.org\/{rel}","templated":true}]}}