{"id":221483,"date":"2026-03-12T11:57:44","date_gmt":"2026-03-12T17:57:44","guid":{"rendered":"https:\/\/oaxacadiaadia.com\/?p=221483"},"modified":"2026-03-12T11:57:45","modified_gmt":"2026-03-12T17:57:45","slug":"vendian-cristal-y-marihuana-afuera-de-secundaria","status":"publish","type":"post","link":"https:\/\/oaxacadiaadia.com\/?p=221483","title":{"rendered":"Vend\u00edan cristal y marihuana afuera de secundaria"},"content":{"rendered":"\n<figure class=\"wp-block-image size-full\"><a href=\"https:\/\/oaxacadiaadia.com\/wp-content\/uploads\/2026\/03\/Vendian-cristal-y-marihuana-afuera-de-secundaria.jpg\"><img loading=\"lazy\" decoding=\"async\" width=\"427\" height=\"195\" src=\"https:\/\/oaxacadiaadia.com\/wp-content\/uploads\/2026\/03\/Vendian-cristal-y-marihuana-afuera-de-secundaria.jpg\" alt=\"\" class=\"wp-image-221484\" srcset=\"https:\/\/oaxacadiaadia.com\/wp-content\/uploads\/2026\/03\/Vendian-cristal-y-marihuana-afuera-de-secundaria.jpg 427w, https:\/\/oaxacadiaadia.com\/wp-content\/uploads\/2026\/03\/Vendian-cristal-y-marihuana-afuera-de-secundaria-300x137.jpg 300w\" sizes=\"auto, (max-width: 427px) 100vw, 427px\" \/><\/a><figcaption class=\"wp-element-caption\">Dise\u00f1o sin t\u00edtulo &#8211; 1<\/figcaption><\/figure>\n\n\n\n<p>*Desarticula Fiscal\u00eda de Oaxaca c\u00e9lula de narcomenudeo por venta de sustancias il\u00edcitas afuera de secundaria, tres personas quedan vinculadas a proceso<\/p>\n\n\n\n<!--more-->\n\n\n\n<p>Oaxaca, Oaxaca, Jueves 12 de Marzo, 2026, (Fuente: Comunicado).- La Fiscal\u00eda General del Estado de Oaxaca (FGEO) y Gabinete de Seguridad detuvieron y posteriormente se obtuvo auto de vinculaci\u00f3n a proceso en contra de tres personas del sexo masculino, por el delito contra la salud, detenidos en operativo interinstitucional en inmediaciones de una escuela secundaria en la regi\u00f3n de la Costa.<\/p>\n\n\n\n<p>En un primer caso, los imputados, identificados como A.S.M. y P.C.R., fueron detenidos en la comunidad de El Ciruelo, perteneciente al municipio de Santiago Pinotepa Nacional, en posesi\u00f3n de diversos envoltorios con drogas conocidas como cristal y marihuana.<\/p>\n\n\n\n<p>De acuerdo con las investigaciones asentadas en el expediente penal, momentos antes de su detenci\u00f3n habr\u00edan suministrado drogas a un estudiante de nivel secundaria.<\/p>\n\n\n\n<p>Tras su captura, fueron puestos a disposici\u00f3n de la autoridad correspondiente, que formul\u00f3 imputaci\u00f3n por el delito contra la salud.<\/p>\n\n\n\n<p>Luego de la audiencia y el desahogo de pruebas presentadas por la Vicefiscal\u00eda Regional de la Costa, el Juez de la causa determin\u00f3 vincularlos a proceso e imponer la medida cautelar de prisi\u00f3n preventiva oficiosa, adem\u00e1s de conceder un plazo de un mes para el cierre de la investigaci\u00f3n complementaria.<\/p>\n\n\n\n<p>En un hecho distinto en esta misma regi\u00f3n, tambi\u00e9n se logr\u00f3 la vinculaci\u00f3n a proceso de un hombre identificado como M.J.M.A, por el delito contra la salud.<\/p>\n\n\n\n<p>De acuerdo con la carpeta de investigaci\u00f3n, el imputado fue detenido por agentes policiales cuando presuntamente suministraba droga a j\u00f3venes frente a un centro educativo de nivel secundaria en el centro de Santiago Pinotepa Nacional. Al momento de su aseguramiento le fueron encontradas 72 dosis de cristal.<\/p>\n\n\n\n<p>Durante la audiencia de ampliaci\u00f3n, el Juez de Control lo vincul\u00f3 a proceso e impuso la medida cautelar de prisi\u00f3n preventiva oficiosa otorgando un plazo de un mes para el cierre de la investigaci\u00f3n complementaria.<\/p>\n\n\n\n<p>La Fiscal\u00eda reiter\u00f3 su compromiso de realizar investigaciones exhaustivas para llevar ante la justicia a quienes atenten contra la salud y la integridad de ni\u00f1as, ni\u00f1os y adolescentes en la entidad.<\/p>\n\n\n\n<p><strong>En \u201cEl Nido\u201d, de San Jacinto Amilpas, vend\u00edan alcohol a menores<\/strong><\/p>\n\n\n\n<p>Por otra parte, la Fiscal\u00eda General del Estado de Oaxaca (FGEO) obtuvo auto de vinculaci\u00f3n a proceso y prisi\u00f3n preventiva en contra de dos personas identificadas como V.L.M.C. y A.C.J., por el delito de venta de bebidas alcoh\u00f3licas a menores de edad, luego de un operativo interinstitucional en la zona metropolitana de la capital oaxaque\u00f1a.<\/p>\n\n\n\n<p>La detenci\u00f3n de ambas personas deriv\u00f3 de un operativo nocturno implementado a trav\u00e9s del Mando Metropolitano, en coordinaci\u00f3n con la Vicefiscal\u00eda Regional de Valles Centrales, la Agencia Estatal de Investigaciones (AEI), Polic\u00eda Estatal, Polic\u00eda Vial Estatal, Secretar\u00eda de la Defensa Nacional (DEFENSA), Guardia Nacional e inspectores municipales, quienes realizaron recorridos y verificaciones en establecimientos con venta de bebidas alcoh\u00f3licas con el objetivo de proteger a la poblaci\u00f3n adolescente y garantizar espacios seguros.<\/p>\n\n\n\n<p>Durante el despliegue policial, al ingresar al bar Dembow, tambi\u00e9n conocido como \u201cEl Nido\u201d, ubicado en la zona del r\u00edo Atoyac, en jurisdicci\u00f3n de San Jacinto Amilpas, los elementos de seguridad detectaron menores de edad consumiendo bebidas alcoh\u00f3licas.<\/p>\n\n\n\n<p>Ante estos hechos, las autoridades procedieron a la detenci\u00f3n de dos personas que se ostentaron como encargadas del establecimiento, quienes fueron puestas a disposici\u00f3n de la autoridad ministerial para definir su situaci\u00f3n jur\u00eddica.<\/p>\n\n\n\n<p>En audiencia, la Jueza de la causa dict\u00f3 auto de vinculaci\u00f3n a proceso contra V.L.M.C. (mujer) y A.C.J., (hombre), adem\u00e1s de imponer la medida cautelar de prisi\u00f3n preventiva justificada, al considerar el riesgo para la comunidad adolescente, y fij\u00f3 el plazo de un mes para el cierre de la investigaci\u00f3n complementaria.<\/p>\n\n\n\n<p>Con estas acciones, la Fiscal\u00eda de Oaxaca refrenda su compromiso de investigar y sancionar conductas que vulneren la integridad y el desarrollo de ni\u00f1as, ni\u00f1os y adolescentes, as\u00ed como de fortalecer los operativos interinstitucionales para prevenir delitos y garantizar entornos seguros en espacios p\u00fablicos y establecimientos nocturnos.<\/p>\n\n\n\n<p><strong>Fiscal\u00eda de Oaxaca captura a una persona por feminicidio cometido con un machete en agravio de adulta mayor<\/strong><\/p>\n\n\n\n<p>En tanto, la Fiscal\u00eda General del Estado de Oaxaca (FGEO) ejecut\u00f3 una orden de aprehensi\u00f3n en contra de un hombre identificado como M.A.A.G. por el delito de feminicidio agravado, hechos ocurridos en la regi\u00f3n de la Costa.<\/p>\n\n\n\n<p>De acuerdo con el expediente penal del caso, los hechos ocurrieron el 26 de febrero de 2026, cuando la v\u00edctima era una mujer identificada como M.J.L.P., quien caminaba con un ni\u00f1o bajo su cuidado (quien result\u00f3 ileso) fue agredida por un hombre quien previamente ejerci\u00f3 violencia de diferentes tipos, el atacante utiliz\u00f3 un machete con el que infligi\u00f3 heridas en la frente y el cuello, -lo que provoc\u00f3 casi la separaci\u00f3n total de la cabeza- lesiones por las que perdi\u00f3 la vida.<\/p>\n\n\n\n<p>Tras los trabajos ministeriales realizados por la Vicefiscal\u00eda Regional de la Costa, se logr\u00f3 obtener una orden de aprehensi\u00f3n en contra de M.A.A.G. y derivado de los trabajos de inteligencia criminal se logr\u00f3 la localizaci\u00f3n del imputado y mediante un operativo de b\u00fasqueda efectuado por elementos de la Agencia Estatal de Investigaciones (AEI) se ejecut\u00f3 la orden.<\/p>\n\n\n\n<p>Despu\u00e9s de ser detenido M.A.A.G. fue puesto a disposici\u00f3n de la autoridad ministerial correspondiente para que se determin\u00e9 su situaci\u00f3n jur\u00eddica.<\/p>\n\n\n\n<p>La Fiscal\u00eda General del Estado de Oaxaca est\u00e1 comprometida con realizar investigaciones estrat\u00e9gicas que permitan presentar a quien o quienes resulten responsables de los delitos cometidos en contra de mujeres, esto con el objetivo de garantizar a las v\u00edctimas directas e indirectas un adecuado acceso a la procuraci\u00f3n de justicia.<\/p>\n\n\n\n<p><strong>En operativo interinstitucional, detienen en Veracruz a un sujeto por violaci\u00f3n cometida en Tuxtepec: Fiscal\u00eda de Oaxaca<\/strong><\/p>\n\n\n\n<p>En otro asunto, derivado de la colaboraci\u00f3n interinstitucional con la Fiscal\u00eda General del Estado de Veracruz, la Fiscal\u00eda General del Estado de Oaxaca (FGEO) ejecut\u00f3 una orden de aprehensi\u00f3n en contra de un hombre identificado como J.C.P. o J.L.C.R., por el delito de violaci\u00f3n agravada, en agravio de una adolescente de 15 a\u00f1os de edad, cometido en la regi\u00f3n de la Cuenca del Papaloapan.<\/p>\n\n\n\n<p>De acuerdo con la causa penal, los hechos ocurrieron el 28 de septiembre de 2013, cuando un par de personas se encontraba ingiriendo bebidas alcoh\u00f3licas; posteriormente, la v\u00edctima y otras personas se integraron a la convivencia y se trasladaron a un bar ubicado en el municipio de San Juan Bautista Tuxtepec.<\/p>\n\n\n\n<p>Al concluir la convivencia, la v\u00edctima fue llevada a bordo de una motocicleta a un terreno bald\u00edo, donde fue agredida sexualmente.<\/p>\n\n\n\n<p>Tras la agresi\u00f3n y luego de pedir auxilio, fue apoyada por terceras personas y trasladada a un hospital para recibir atenci\u00f3n m\u00e9dica.<\/p>\n\n\n\n<p>Una vez presentada la denuncia, la FGEO inici\u00f3 las investigaciones correspondientes a trav\u00e9s de la Unidad Operativa para la Atenci\u00f3n en Delitos Contra la Mujer por Raz\u00f3n de G\u00e9nero, adscrita a la Vicefiscal\u00eda Regional de la Cuenca, mismas que permitieron reunir los datos de prueba necesarios para solicitar y obtener la orden de aprehensi\u00f3n ante la autoridad judicial.<\/p>\n\n\n\n<p>La instituci\u00f3n subray\u00f3 que, aunque los hechos ocurrieron en 2013, las indagatorias se mantuvieron activas hasta lograr ubicar al probable responsable, con el prop\u00f3sito de procurar justicia a favor de la v\u00edctima.<\/p>\n\n\n\n<p>El mandato judicial fue cumplimentado mediante un operativo coordinado con personal de la Fiscal\u00eda de Veracruz, en inmediaciones del municipio de Cosamaloapan, Veracruz.<\/p>\n\n\n\n<p>Tras la detenci\u00f3n de J.C.P. o J.L.C.R., se iniciaron los tr\u00e1mites legales pertinentes para su traslado a Oaxaca y con ello, ponerlo a disposici\u00f3n de la autoridad ministerial correspondiente para determinar su situaci\u00f3n jur\u00eddica.<\/p>\n\n\n\n<p>La Fiscal\u00eda de Oaxaca destac\u00f3 que la colaboraci\u00f3n con Fiscal\u00edas de otras entidades federativas fortalece las acciones para garantizar a las v\u00edctimas acceso efectivo a la justicia y a la reparaci\u00f3n del da\u00f1o.<\/p>\n","protected":false},"excerpt":{"rendered":"<p>*Desarticula Fiscal\u00eda de Oaxaca c\u00e9lula de narcomenudeo por venta de sustancias il\u00edcitas afuera de secundaria, tres personas quedan vinculadas a<\/p>\n","protected":false},"author":1,"featured_media":221484,"comment_status":"closed","ping_status":"closed","sticky":false,"template":"","format":"standard","meta":{"footnotes":""},"categories":[3,7,4],"tags":[],"class_list":["post-221483","post","type-post","status-publish","format-standard","has-post-thumbnail","hentry","category-las-destacadas","category-municipal","category-policiaca"],"_links":{"self":[{"href":"https:\/\/oaxacadiaadia.com\/index.php?rest_route=\/wp\/v2\/posts\/221483","targetHints":{"allow":["GET"]}}],"collection":[{"href":"https:\/\/oaxacadiaadia.com\/index.php?rest_route=\/wp\/v2\/posts"}],"about":[{"href":"https:\/\/oaxacadiaadia.com\/index.php?rest_route=\/wp\/v2\/types\/post"}],"author":[{"embeddable":true,"href":"https:\/\/oaxacadiaadia.com\/index.php?rest_route=\/wp\/v2\/users\/1"}],"replies":[{"embeddable":true,"href":"https:\/\/oaxacadiaadia.com\/index.php?rest_route=%2Fwp%2Fv2%2Fcomments&post=221483"}],"version-history":[{"count":1,"href":"https:\/\/oaxacadiaadia.com\/index.php?rest_route=\/wp\/v2\/posts\/221483\/revisions"}],"predecessor-version":[{"id":221485,"href":"https:\/\/oaxacadiaadia.com\/index.php?rest_route=\/wp\/v2\/posts\/221483\/revisions\/221485"}],"wp:featuredmedia":[{"embeddable":true,"href":"https:\/\/oaxacadiaadia.com\/index.php?rest_route=\/wp\/v2\/media\/221484"}],"wp:attachment":[{"href":"https:\/\/oaxacadiaadia.com\/index.php?rest_route=%2Fwp%2Fv2%2Fmedia&parent=221483"}],"wp:term":[{"taxonomy":"category","embeddable":true,"href":"https:\/\/oaxacadiaadia.com\/index.php?rest_route=%2Fwp%2Fv2%2Fcategories&post=221483"},{"taxonomy":"post_tag","embeddable":true,"href":"https:\/\/oaxacadiaadia.com\/index.php?rest_route=%2Fwp%2Fv2%2Ftags&post=221483"}],"curies":[{"name":"wp","href":"https:\/\/api.w.org\/{rel}","templated":true}]}}