{"id":221480,"date":"2026-03-12T11:56:57","date_gmt":"2026-03-12T17:56:57","guid":{"rendered":"https:\/\/oaxacadiaadia.com\/?p=221480"},"modified":"2026-03-12T11:56:58","modified_gmt":"2026-03-12T17:56:58","slug":"anuncia-salomon-rehabilitacion-de-la-oaxaca-tuxtepec","status":"publish","type":"post","link":"https:\/\/oaxacadiaadia.com\/?p=221480","title":{"rendered":"Anuncia Salom\u00f3n rehabilitaci\u00f3n de la Oaxaca-Tuxtepec"},"content":{"rendered":"\n<figure class=\"wp-block-image size-full\"><a href=\"https:\/\/oaxacadiaadia.com\/wp-content\/uploads\/2026\/03\/Anuncia-Salomon-rehabilitacion-de-la-Oaxaca-Tuxtepec.jpg\"><img loading=\"lazy\" decoding=\"async\" width=\"410\" height=\"274\" src=\"https:\/\/oaxacadiaadia.com\/wp-content\/uploads\/2026\/03\/Anuncia-Salomon-rehabilitacion-de-la-Oaxaca-Tuxtepec.jpg\" alt=\"\" class=\"wp-image-221481\" srcset=\"https:\/\/oaxacadiaadia.com\/wp-content\/uploads\/2026\/03\/Anuncia-Salomon-rehabilitacion-de-la-Oaxaca-Tuxtepec.jpg 410w, https:\/\/oaxacadiaadia.com\/wp-content\/uploads\/2026\/03\/Anuncia-Salomon-rehabilitacion-de-la-Oaxaca-Tuxtepec-300x200.jpg 300w\" sizes=\"auto, (max-width: 410px) 100vw, 410px\" \/><\/a><\/figure>\n\n\n\n<p>*Asimismo, revel\u00f3 inversiones para obras y acciones en San Pedro Y\u00f3lox, San Juan Quiotepec y Santiago Comaltepec<\/p>\n\n\n\n<!--more-->\n\n\n\n<p>Regi\u00f3n Sierra de Ju\u00e1rez, Oaxaca, Jueves 12 de Marzo, 2026, (Fuente: Comunicado).- Como parte de los compromisos asumidos por su administraci\u00f3n, el Gobernador Salom\u00f3n Jara Cruz anunci\u00f3 la rehabilitaci\u00f3n de 20 kil\u00f3metros de la carretera Federal 175 Oaxaca-Tuxtepec, que en una primera etapa tendr\u00e1 una inversi\u00f3n de 57 millones de pesos.<\/p>\n\n\n\n<p>Durante una gira de trabajo por los municipios de San Juan Quiotepec, San Pedro Y\u00f3lox y Santiago Comaltepec, regi\u00f3n de la Sierra de Ju\u00e1rez, el Mandatario estatal resalt\u00f3 que, ante las gestiones que realiz\u00f3 con la Presidenta Claudia Sheinbaum, se brindar\u00e1 una v\u00eda segura para la movilidad de las comunidades de esta zona.<\/p>\n\n\n\n<p>\u201cMe interesa que esta carretera sea de primera, digna para la poblaci\u00f3n\u201d, subray\u00f3 el titular del Poder Ejecutivo en esta zona chinanteca.<\/p>\n\n\n\n<p>En San Juan Quiotepec, durante una asamblea municipal, tambi\u00e9n inform\u00f3 la reparaci\u00f3n del puente vehicular que comunica a San Pedro Y\u00f3lox con la carretera federal, con una inversi\u00f3n de 3 millones de pesos y la construcci\u00f3n de la primera etapa del techado del Instituto de Estudios de Bachillerato del Estado de Oaxaca (IEBO) 201 por 1.5 millones de pesos.<\/p>\n\n\n\n<p>En esta comunidad se entregaron 18 computadoras y nueve proyectores para los planteles de educaci\u00f3n b\u00e1sica por un mill\u00f3n 186 mil pesos. El Sistema DIF Oaxaca otorg\u00f3 706 mil pesos, a trav\u00e9s de Desayuno de Letritas, Itacate de Coraz\u00f3n y Latido Nutritivo.<\/p>\n\n\n\n<p>En San Pedro Y\u00f3lox el Gobernador proporcion\u00f3 apoyo alimentario con una inversi\u00f3n superior a un mill\u00f3n 203 mil pesos; respald\u00f3 a 10 jefas de familia con la Tarjeta Margarita Maza, dot\u00f3 de medicamentos y entreg\u00f3 26 computadoras y 13 proyectores a 13 escuelas del nivel b\u00e1sico.<\/p>\n\n\n\n<p>En tanto, en Santiago Comaltepec brind\u00f3 apoyos alimentarios por 568 mil 102 pesos; favoreci\u00f3 a 49 familias con Autosuficiencia Alimentaria y en la agencia de San Mart\u00edn Soyol\u00e1pam otorg\u00f3 kits para prevenir el gusano barrenador.<\/p>\n\n\n\n<p>El Centro de Salud Urbano de un N\u00facleo B\u00e1sico recibi\u00f3 insumos y medicamentos, y nueve escuelas de nivel b\u00e1sico obtuvieron mobiliario y pizarrones. En esta visita se otorgaron computadoras y proyectores, en total se tuvo una inversi\u00f3n de m\u00e1s de 1 mill\u00f3n 164 mil pesos.<\/p>\n\n\n\n<p>En estos municipios se continuar\u00e1 con el respaldo al campo, entrega de insumos y fertilizantes, programas sociales, mejoramiento de caminos rurales, abasto de medicinas y se realizar\u00e1n estudios para la creaci\u00f3n de proyectos ecotur\u00edsticos.<\/p>\n\n\n\n<p><strong>IEEPO ofrece disculpa p\u00fablica por fallecimiento de un menor en Putla Villa de Guerrero<\/strong><\/p>\n\n\n\n<p>En otro contexto, el Instituto Estatal de Educaci\u00f3n P\u00fablica de Oaxaca (IEEPO) ofreci\u00f3 una disculpa p\u00fablica por el fallecimiento de un menor de edad, ocurrido en diciembre de 2017, en la Escuela Primaria Biling\u00fce \u201c20 de Noviembre\u201d de la localidad La Laguna Guadalupe, en Putla Villa de Guerrero, regi\u00f3n Sierra Sur de Oaxaca.<\/p>\n\n\n\n<p>Durante esta solemne ceremonia, el director del instituto, Emilio Montero P\u00e9rez detall\u00f3 que el acto se realiza en cumplimiento a la Recomendaci\u00f3n n\u00famero 14\/2024, emitida el 18 de diciembre de 2025 por la Defensor\u00eda de los Derechos Humanos del Pueblo de Oaxaca (DDHPO).<\/p>\n\n\n\n<p>Ante la madre y el padre de quien fuera alumno de la escuela, remarc\u00f3 que la administraci\u00f3n que encabeza el Gobernador Salom\u00f3n Jara Cruz tiene la obligaci\u00f3n de hacer cumplir la Ley y con ello, garantizar la protecci\u00f3n de las infancias.<\/p>\n\n\n\n<p>\u201cLamentamos profundamente los hechos sucedidos y derivados, en su momento, de la irresponsabilidad de quienes tienen el alto deber de proteger a la ni\u00f1ez oaxaque\u00f1a; la sensibilidad y la inteligencia tienen que ser las br\u00fajulas que orienten la labor de la autoridad educativa\u201d, afirm\u00f3 el funcionario.<\/p>\n\n\n\n<p>El IEEPO trabaja incansablemente para acompa\u00f1ar a las infancias y velar por su integridad en todos los centros escolares.<\/p>\n\n\n\n<p><strong>Diputado C\u00e9sar Mateos propone freno a abusos en el precio del agua en pipas<\/strong><\/p>\n\n\n\n<p>En otro asunto, el diputado C\u00e9sar Mateos, de Morena, present\u00f3 en el Congreso del Estado una iniciativa para regular la venta de agua en pipas, con el objetivo de evitar abusos en los precios y garantizar el acceso de la poblaci\u00f3n a este recurso.<\/p>\n\n\n\n<p>El legislador advirti\u00f3 que la ausencia de reglas claras ha permitido aumentos excesivos en el precio del agua, especialmente durante periodos de sequ\u00eda en Oaxaca. Adem\u00e1s, se\u00f1al\u00f3 que no existe certeza de que el agua sea salubre ni de que provenga de pozos cuya explotaci\u00f3n sea legal.<\/p>\n\n\n\n<p>La iniciativa presentada por C\u00e9sar Mateos plantea que quienes vendan agua a granel cuenten con autorizaci\u00f3n del Gobierno del Estado, a trav\u00e9s de la Comisi\u00f3n Estatal del Agua para el Bienestar. Asimismo, deber\u00e1n acreditar que el recurso provenga de extracciones legales, que cumpla con los est\u00e1ndares de calidad para consumo humano y que los veh\u00edculos utilizados est\u00e9n dentro de la normatividad ambiental.<\/p>\n\n\n\n<p>Adem\u00e1s, propone que el Gobierno del Estado establezca un precio m\u00e1ximo para el agua vendida en pipas durante la temporada de estiaje, tomando en cuenta los costos de extracci\u00f3n, traslado, combustible y un margen razonable de ganancia.<\/p>\n\n\n\n<p>C\u00e9sar Mateos subray\u00f3 que la distribuci\u00f3n de agua mediante pipas cumple una funci\u00f3n social importante, especialmente en lugares donde el sistema p\u00fablico no alcanza a cubrir la demanda. Sin embargo, enfatiz\u00f3 que no debe permitirse el lucro desmedido con un recurso esencial para la vida.<\/p>\n\n\n\n<p>\u201cEl acceso al agua es un derecho humano. Regular esta actividad es cumplir con la responsabilidad de proteger a la poblaci\u00f3n\u201d, concluy\u00f3.<\/p>\n\n\n\n<p>La iniciativa presentada por el legislador consiste en reformas a la Ley de Agua Potable y Alcantarillado para el Estado de Oaxaca, la cual fue turnada a comisiones para su estudio y an\u00e1lisis.<\/p>\n","protected":false},"excerpt":{"rendered":"<p>*Asimismo, revel\u00f3 inversiones para obras y acciones en San Pedro Y\u00f3lox, San Juan Quiotepec y Santiago Comaltepec<\/p>\n","protected":false},"author":1,"featured_media":221481,"comment_status":"closed","ping_status":"closed","sticky":false,"template":"","format":"standard","meta":{"footnotes":""},"categories":[11,3,7],"tags":[],"class_list":["post-221480","post","type-post","status-publish","format-standard","has-post-thumbnail","hentry","category-capital","category-las-destacadas","category-municipal"],"_links":{"self":[{"href":"https:\/\/oaxacadiaadia.com\/index.php?rest_route=\/wp\/v2\/posts\/221480","targetHints":{"allow":["GET"]}}],"collection":[{"href":"https:\/\/oaxacadiaadia.com\/index.php?rest_route=\/wp\/v2\/posts"}],"about":[{"href":"https:\/\/oaxacadiaadia.com\/index.php?rest_route=\/wp\/v2\/types\/post"}],"author":[{"embeddable":true,"href":"https:\/\/oaxacadiaadia.com\/index.php?rest_route=\/wp\/v2\/users\/1"}],"replies":[{"embeddable":true,"href":"https:\/\/oaxacadiaadia.com\/index.php?rest_route=%2Fwp%2Fv2%2Fcomments&post=221480"}],"version-history":[{"count":1,"href":"https:\/\/oaxacadiaadia.com\/index.php?rest_route=\/wp\/v2\/posts\/221480\/revisions"}],"predecessor-version":[{"id":221482,"href":"https:\/\/oaxacadiaadia.com\/index.php?rest_route=\/wp\/v2\/posts\/221480\/revisions\/221482"}],"wp:featuredmedia":[{"embeddable":true,"href":"https:\/\/oaxacadiaadia.com\/index.php?rest_route=\/wp\/v2\/media\/221481"}],"wp:attachment":[{"href":"https:\/\/oaxacadiaadia.com\/index.php?rest_route=%2Fwp%2Fv2%2Fmedia&parent=221480"}],"wp:term":[{"taxonomy":"category","embeddable":true,"href":"https:\/\/oaxacadiaadia.com\/index.php?rest_route=%2Fwp%2Fv2%2Fcategories&post=221480"},{"taxonomy":"post_tag","embeddable":true,"href":"https:\/\/oaxacadiaadia.com\/index.php?rest_route=%2Fwp%2Fv2%2Ftags&post=221480"}],"curies":[{"name":"wp","href":"https:\/\/api.w.org\/{rel}","templated":true}]}}