{"id":221459,"date":"2026-03-11T08:43:46","date_gmt":"2026-03-11T14:43:46","guid":{"rendered":"https:\/\/oaxacadiaadia.com\/?p=221459"},"modified":"2026-03-11T08:43:46","modified_gmt":"2026-03-11T14:43:46","slug":"torturan-ejecutan-y-embolsan-a-mujer-y-hombre","status":"publish","type":"post","link":"https:\/\/oaxacadiaadia.com\/?p=221459","title":{"rendered":"Torturan, ejecutan y embolsan a mujer y hombre"},"content":{"rendered":"\n<figure class=\"wp-block-image size-full\"><a href=\"https:\/\/oaxacadiaadia.com\/wp-content\/uploads\/2026\/03\/Torturan-ejecutan-y-embolsan-a-mujer-y-hombre.jpg\"><img loading=\"lazy\" decoding=\"async\" width=\"409\" height=\"317\" src=\"https:\/\/oaxacadiaadia.com\/wp-content\/uploads\/2026\/03\/Torturan-ejecutan-y-embolsan-a-mujer-y-hombre.jpg\" alt=\"\" class=\"wp-image-221460\" srcset=\"https:\/\/oaxacadiaadia.com\/wp-content\/uploads\/2026\/03\/Torturan-ejecutan-y-embolsan-a-mujer-y-hombre.jpg 409w, https:\/\/oaxacadiaadia.com\/wp-content\/uploads\/2026\/03\/Torturan-ejecutan-y-embolsan-a-mujer-y-hombre-300x233.jpg 300w\" sizes=\"auto, (max-width: 409px) 100vw, 409px\" \/><\/a><\/figure>\n\n\n\n<p>*Luego de conmemorar el D\u00eda Internacional de la Mujer, asesinan a una f\u00e9mina y a su pareja<\/p>\n\n\n\n<!--more-->\n\n\n\n<p>Oaxaca, Oaxaca, Mi\u00e9rcoles 11 de Marzo, 2026, (Fuente: Agencia Zona Roja y Facebook: Tom\u00e1s Mart\u00ednez).- Veinticuatro horas despu\u00e9s de la conmemoraci\u00f3n del D\u00eda Internacional de la Mujer, en Oaxaca fue asesinada una femenina y su pareja.<\/p>\n\n\n\n<p>Los cuerpos fueron localizados cerca de las 23 horas del pasado lunes en un paraje de San Felipe de Tejal\u00e1pam, municipio del distrito de Etla, regi\u00f3n Valles Centrales de Oaxaca.<\/p>\n\n\n\n<p>De acuerdo con reportes preliminares de la autoridad municipal, los dos cuerpos, a\u00fan no identificados, se hallaban en bolsas de pl\u00e1stico de color negro.<\/p>\n\n\n\n<p>Presentaban huellas de tortura y disparos de arma de fuego; presuntamente, los ejecutaron en otro sitio y los habr\u00edan ido a tirar en ese municipio, en el camino que comunica con Santa Mar\u00eda Pe\u00f1oles.<\/p>\n\n\n\n<p>Tras el hallazgo, las autoridades dieron aviso a la Fiscal\u00eda General del Estado de Oaxaca, cuyo personal se traslad\u00f3 a la zona para realizar las primeras diligencias.<\/p>\n\n\n\n<p><strong>Investiga Fiscal\u00eda intoxicaci\u00f3n en escuela de Oaxaca presuntamente por drogas<\/strong><\/p>\n\n\n\n<p>Por otra parte, tres alumnos resultaron intoxicados este martes presuntamente por drogas en un plantel de la zona metropolitana de la capital de Oaxaca pero los directivos del plantel intentaron ocultar el hecho.<\/p>\n\n\n\n<p>El hecho ocurri\u00f3 en la Escuela Secundaria T\u00e9cnica n\u00famero 139 ubicada a un costado de la carretera al fraccionamiento El Rosario, entre Santa Luc\u00eda del Camino y San Sebasti\u00e1n Tutla.<\/p>\n\n\n\n<p>La Fiscal\u00eda General del Estado de Oaxaca (FGEO) dio a conocer que inici\u00f3 una carpeta de investigaci\u00f3n, tras los hechos denunciados p\u00fablicamente en plataformas digitales ocurridos en dicho plantel, donde tres menores de edad presuntamente resultaron intoxicados luego de consumir \u201cgomitas\u201d que aparentemente conten\u00edan alguna sustancia.<\/p>\n\n\n\n<p>\u201cLuego de tener conocimiento del caso se activaron los protocolos de investigaci\u00f3n con la intervenci\u00f3n de personal de la Fiscal\u00eda Especializada en Justicia para Adolescentes.<\/p>\n\n\n\n<p>\u201cEl objetivo es brindar una atenci\u00f3n especializada, integral con perspectiva de infancia y adolescencia, adem\u00e1s de realizar las primeras diligencias periciales que permitan identificar la sustancia ingerida por los estudiantes\u201d, expuso en su comunicado emitido ayer por la tarde.<\/p>\n\n\n\n<p>Agreg\u00f3 que, como parte de las indagatorias, la FGEO estableci\u00f3 las primeras l\u00edneas de investigaci\u00f3n para construir una teor\u00eda del caso que permita determinar c\u00f3mo ocurrieron los hechos y dar con quien o quienes resulten responsables.<\/p>\n\n\n\n<p>Hasta el momento los directivos de la Escuela Secundaria han negado los hechos, por lo cual la Fiscal\u00eda contin\u00faa con las indagatorias; no se ha revelado a\u00fan el estado de salud de los tres estudiantes.<\/p>\n\n\n\n<p><strong>Consternaci\u00f3n en Cuil\u00e1pam por crimen de balconero<\/strong><\/p>\n\n\n\n<p>A unos metros de su vivienda ubicado en la calle de Hidalgo, en el barrio San Lucas, en el municipio de Cuil\u00e1pam de Guerrero, fue atacado a balazos el balconero Gerardo T. P. de 38 a\u00f1os de edad, por lo que la polic\u00eda inici\u00f3 con la investigaci\u00f3n, en tanto familiares han mostrado su consternaci\u00f3n y dieron condolencias a la familia.<\/p>\n\n\n\n<p>Fue a las 01:37 horas de este lunes cuando vecinos del barrio San Lucas se alarmaron por varias detonaciones de arma de fu3go y por lo cual alertaron a la polic\u00eda y param\u00e9dicos.<\/p>\n\n\n\n<p>Fue en la calle de Mina e Hidalgo de la citada comunidad donde hallaron los casquillos percutidos y el cuerpo de Gerardo. Al ser valorado confirmaron el deceso.<\/p>\n\n\n\n<p>El \u00e1rea qued\u00f3 bajo resguardo de la polic\u00eda municipal y se dio intervenci\u00f3n al personal de la Fiscal\u00eda General del Estado para tomar conocimiento del caso.<\/p>\n\n\n\n<p>A trav\u00e9s de las redes sociales dieron las condolencias a la familia del balconero, Gerardo T.P., quien contaba con 38 a\u00f1os de edad.<\/p>\n\n\n\n<p>El agente del Ministerio P\u00fablico inici\u00f3 con las diligencias correspondientes y la polic\u00eda ya busca a los responsables.<\/p>\n","protected":false},"excerpt":{"rendered":"<p>*Luego de conmemorar el D\u00eda Internacional de la Mujer, asesinan a una f\u00e9mina y a su pareja<\/p>\n","protected":false},"author":1,"featured_media":221460,"comment_status":"closed","ping_status":"closed","sticky":false,"template":"","format":"standard","meta":{"footnotes":""},"categories":[3,7,4,14],"tags":[],"class_list":["post-221459","post","type-post","status-publish","format-standard","has-post-thumbnail","hentry","category-las-destacadas","category-municipal","category-policiaca","category-titulares"],"_links":{"self":[{"href":"https:\/\/oaxacadiaadia.com\/index.php?rest_route=\/wp\/v2\/posts\/221459","targetHints":{"allow":["GET"]}}],"collection":[{"href":"https:\/\/oaxacadiaadia.com\/index.php?rest_route=\/wp\/v2\/posts"}],"about":[{"href":"https:\/\/oaxacadiaadia.com\/index.php?rest_route=\/wp\/v2\/types\/post"}],"author":[{"embeddable":true,"href":"https:\/\/oaxacadiaadia.com\/index.php?rest_route=\/wp\/v2\/users\/1"}],"replies":[{"embeddable":true,"href":"https:\/\/oaxacadiaadia.com\/index.php?rest_route=%2Fwp%2Fv2%2Fcomments&post=221459"}],"version-history":[{"count":1,"href":"https:\/\/oaxacadiaadia.com\/index.php?rest_route=\/wp\/v2\/posts\/221459\/revisions"}],"predecessor-version":[{"id":221461,"href":"https:\/\/oaxacadiaadia.com\/index.php?rest_route=\/wp\/v2\/posts\/221459\/revisions\/221461"}],"wp:featuredmedia":[{"embeddable":true,"href":"https:\/\/oaxacadiaadia.com\/index.php?rest_route=\/wp\/v2\/media\/221460"}],"wp:attachment":[{"href":"https:\/\/oaxacadiaadia.com\/index.php?rest_route=%2Fwp%2Fv2%2Fmedia&parent=221459"}],"wp:term":[{"taxonomy":"category","embeddable":true,"href":"https:\/\/oaxacadiaadia.com\/index.php?rest_route=%2Fwp%2Fv2%2Fcategories&post=221459"},{"taxonomy":"post_tag","embeddable":true,"href":"https:\/\/oaxacadiaadia.com\/index.php?rest_route=%2Fwp%2Fv2%2Ftags&post=221459"}],"curies":[{"name":"wp","href":"https:\/\/api.w.org\/{rel}","templated":true}]}}