{"id":221453,"date":"2026-03-11T08:42:21","date_gmt":"2026-03-11T14:42:21","guid":{"rendered":"https:\/\/oaxacadiaadia.com\/?p=221453"},"modified":"2026-03-11T08:42:22","modified_gmt":"2026-03-11T14:42:22","slug":"oaxaca-la-casa-cultural-del-mundial","status":"publish","type":"post","link":"https:\/\/oaxacadiaadia.com\/?p=221453","title":{"rendered":"\u201cOaxaca, la Casa Cultural del Mundial\u201d"},"content":{"rendered":"\n<figure class=\"wp-block-image size-full\"><a href=\"https:\/\/oaxacadiaadia.com\/wp-content\/uploads\/2026\/03\/Oaxaca-la-Casa-Cultural-del-Mundial.jpg\"><img loading=\"lazy\" decoding=\"async\" width=\"423\" height=\"238\" src=\"https:\/\/oaxacadiaadia.com\/wp-content\/uploads\/2026\/03\/Oaxaca-la-Casa-Cultural-del-Mundial.jpg\" alt=\"\" class=\"wp-image-221454\" srcset=\"https:\/\/oaxacadiaadia.com\/wp-content\/uploads\/2026\/03\/Oaxaca-la-Casa-Cultural-del-Mundial.jpg 423w, https:\/\/oaxacadiaadia.com\/wp-content\/uploads\/2026\/03\/Oaxaca-la-Casa-Cultural-del-Mundial-300x169.jpg 300w\" sizes=\"auto, (max-width: 423px) 100vw, 423px\" \/><\/a><\/figure>\n\n\n\n<p>*Anuncian actividades deportivas, culturales y sociales<\/p>\n\n\n\n<p>*Entre ellas se realizar\u00e1 el Mundialito \u201cPrimavera Oaxaque\u00f1a\u00bb, encuentros deportivos, conferencias, muestras gastron\u00f3micas y artesanales<\/p>\n\n\n\n<!--more-->\n\n\n\n<p>Oaxaca, Oaxaca, Mi\u00e9rcoles 11 de Marzo, 2026, (Fuente: Comunicado).- En el marco de la Copa Mundial de la FIFA 2026, el gobernador Salom\u00f3n Jara Cruz anunci\u00f3 la convocatoria para el Torneo de F\u00fatbol Estatal Mundialito \u201cPrimavera Oaxaque\u00f1a 2026\u201d.<\/p>\n\n\n\n<p>El Mandatario estatal detall\u00f3 que esta justa iniciar\u00e1 en las escuelas y avanzar\u00e1 a nivel municipal, del 14 de marzo al 17 de mayo; regional, los d\u00edas 23 y 24 de mayo y el nivel estatal, del 5 al 7 de junio. Habr\u00e1 las modalidades F\u00fatbol 7 y F\u00fatbol Soccer, la primera tendr\u00e1 las categor\u00edas Sub 7 y Sub 9, en las ramas varonil y femenil; y la segunda en categor\u00eda Libre, en la rama mixta.<\/p>\n\n\n\n<p>Mediante el Mundialito Primavera Oaxaque\u00f1a se invertir\u00e1 un monto total de 2 millones 800 mil pesos, en premiaciones.<\/p>\n\n\n\n<p>Adem\u00e1s de esta justa enmarcada en el programa estatal \u201cOaxaca, la Casa Cultural del Mundial\u201d, el cual contempla seis ejes de acci\u00f3n, se impulsar\u00e1n experiencias deportivas y culturales como una oportunidad de integraci\u00f3n social, adem\u00e1s de colocar a la entidad como destino cultural y tur\u00edstico complementario a este encuentro deportivo internacional.<\/p>\n\n\n\n<p>A trav\u00e9s de un Comit\u00e9 Intermundialista, integrado por diversas dependencias del Gobierno del Estado, se anunciaron actividades como: la trasmisi\u00f3n del Mundial en pueblos m\u00e1gicos, Festivales Gastron\u00f3micos y Exposiciones Artesanales en puntos estrat\u00e9gicos del pa\u00eds.<\/p>\n\n\n\n<p>Asimismo, habr\u00e1 un ciclo de conferencias, difusi\u00f3n de c\u00e1psulas informativas y personas comentaristas en lenguas originarias posterior al mundial.<\/p>\n\n\n\n<p>Tambi\u00e9n, en coordinaci\u00f3n con el Sistema para el Desarrollo Integral de la Familia (DIF) se llevar\u00e1n a cabo actividades deportivas con enfoque inclusivo, que fortalezcan el tejido social y comunitario.<\/p>\n\n\n\n<p>\u201cSe contar\u00e1 con una cartelera muy amplia. No solamente queremos ser espectadores, sino actores, promover el deporte y la cultura, todo lo que tiene Oaxaca, con la participaci\u00f3n de ni\u00f1as, ni\u00f1os y j\u00f3venes en que tambi\u00e9n sean part\u00edcipes este mundial\u201d, destac\u00f3 el Gobernador oaxaque\u00f1o.<\/p>\n\n\n\n<p><strong>Garantiza SECTUR Oaxaca excelencia en servicios tur\u00edsticos de Oaxaca<\/strong><\/p>\n\n\n\n<p>En tanto, la Secretar\u00eda de Turismo (SECTUR Oaxaca) entreg\u00f3 101 acreditaciones a personas prestadoras de servicios tur\u00edsticos de Oaxaca de Ju\u00e1rez, correspondientes a 40 certificados del Registro Nacional de Turismo (RNT), 24 distintivos de Calidad Tur\u00edstica y 37 credenciales de Gu\u00edas de Turistas.<\/p>\n\n\n\n<p>Ante autoridades municipales, presidentes de asociaciones tur\u00edsticas, la titular de la SECTUR, Saymi Pineda Velasco, explic\u00f3 que esta acci\u00f3n forma parte del Plan de Atenci\u00f3n para la Zona Metropolitana de Oaxaca, instruido por el gobernador Salom\u00f3n Jara Cruz, para contribuir al crecimiento y desarrollo econ\u00f3mico de esta \u00e1rea.<\/p>\n\n\n\n<p>Expuso que estas acreditaciones son una puerta de entrada a la formalidad, a la seguridad jur\u00eddica y a la confianza del visitante nacional e internacional, reflejo de que se cumple con est\u00e1ndares nacionales de calidad.<\/p>\n","protected":false},"excerpt":{"rendered":"<p>*Anuncian actividades deportivas, culturales y sociales *Entre ellas se realizar\u00e1 el Mundialito \u201cPrimavera Oaxaque\u00f1a\u00bb, encuentros deportivos, conferencias, muestras gastron\u00f3micas y<\/p>\n","protected":false},"author":1,"featured_media":221454,"comment_status":"closed","ping_status":"closed","sticky":false,"template":"","format":"standard","meta":{"footnotes":""},"categories":[11,3],"tags":[],"class_list":["post-221453","post","type-post","status-publish","format-standard","has-post-thumbnail","hentry","category-capital","category-las-destacadas"],"_links":{"self":[{"href":"https:\/\/oaxacadiaadia.com\/index.php?rest_route=\/wp\/v2\/posts\/221453","targetHints":{"allow":["GET"]}}],"collection":[{"href":"https:\/\/oaxacadiaadia.com\/index.php?rest_route=\/wp\/v2\/posts"}],"about":[{"href":"https:\/\/oaxacadiaadia.com\/index.php?rest_route=\/wp\/v2\/types\/post"}],"author":[{"embeddable":true,"href":"https:\/\/oaxacadiaadia.com\/index.php?rest_route=\/wp\/v2\/users\/1"}],"replies":[{"embeddable":true,"href":"https:\/\/oaxacadiaadia.com\/index.php?rest_route=%2Fwp%2Fv2%2Fcomments&post=221453"}],"version-history":[{"count":1,"href":"https:\/\/oaxacadiaadia.com\/index.php?rest_route=\/wp\/v2\/posts\/221453\/revisions"}],"predecessor-version":[{"id":221455,"href":"https:\/\/oaxacadiaadia.com\/index.php?rest_route=\/wp\/v2\/posts\/221453\/revisions\/221455"}],"wp:featuredmedia":[{"embeddable":true,"href":"https:\/\/oaxacadiaadia.com\/index.php?rest_route=\/wp\/v2\/media\/221454"}],"wp:attachment":[{"href":"https:\/\/oaxacadiaadia.com\/index.php?rest_route=%2Fwp%2Fv2%2Fmedia&parent=221453"}],"wp:term":[{"taxonomy":"category","embeddable":true,"href":"https:\/\/oaxacadiaadia.com\/index.php?rest_route=%2Fwp%2Fv2%2Fcategories&post=221453"},{"taxonomy":"post_tag","embeddable":true,"href":"https:\/\/oaxacadiaadia.com\/index.php?rest_route=%2Fwp%2Fv2%2Ftags&post=221453"}],"curies":[{"name":"wp","href":"https:\/\/api.w.org\/{rel}","templated":true}]}}