{"id":221450,"date":"2026-03-11T08:41:09","date_gmt":"2026-03-11T14:41:09","guid":{"rendered":"https:\/\/oaxacadiaadia.com\/?p=221450"},"modified":"2026-03-11T08:41:09","modified_gmt":"2026-03-11T14:41:09","slug":"gobierno-de-oaxaca-prioriza-abasto-de-medicinas-y-atencion-medica","status":"publish","type":"post","link":"https:\/\/oaxacadiaadia.com\/?p=221450","title":{"rendered":"Gobierno de Oaxaca prioriza abasto de medicinas y atenci\u00f3n m\u00e9dica"},"content":{"rendered":"\n<figure class=\"wp-block-image size-full\"><a href=\"https:\/\/oaxacadiaadia.com\/wp-content\/uploads\/2026\/03\/Gobierno-de-Oaxaca-prioriza-abasto-de-medicinas-y-atencion-medica.jpg\"><img loading=\"lazy\" decoding=\"async\" width=\"410\" height=\"274\" src=\"https:\/\/oaxacadiaadia.com\/wp-content\/uploads\/2026\/03\/Gobierno-de-Oaxaca-prioriza-abasto-de-medicinas-y-atencion-medica.jpg\" alt=\"\" class=\"wp-image-221451\" srcset=\"https:\/\/oaxacadiaadia.com\/wp-content\/uploads\/2026\/03\/Gobierno-de-Oaxaca-prioriza-abasto-de-medicinas-y-atencion-medica.jpg 410w, https:\/\/oaxacadiaadia.com\/wp-content\/uploads\/2026\/03\/Gobierno-de-Oaxaca-prioriza-abasto-de-medicinas-y-atencion-medica-300x200.jpg 300w\" sizes=\"auto, (max-width: 410px) 100vw, 410px\" \/><\/a><\/figure>\n\n\n\n<p>*Esta estrategia interinstitucional entre el Estado y la Federaci\u00f3n permiti\u00f3 que, durante este fin de semana, se abastecieron los 103 m\u00f3dulos m\u00e9dicos<\/p>\n\n\n\n<p>*Con corte al 7 de marzo, la Caravana Estatal de Salud \u201cVe\u2019e tata\u201d ha brindado 6 mil 492 servicios y atendido a m\u00e1s de 8 mil 500 personas<\/p>\n\n\n\n<!--more-->\n\n\n\n<p>Oaxaca, Oaxaca, Mi\u00e9rcoles 11 de Marzo, 2026, (Fuente: Comunicado).- El gobernador Salom\u00f3n Jara Cruz anunci\u00f3 el arranque del proyecto \u201cAbasto, Verificaci\u00f3n y Control\u201d (AVC), con la finalidad de superar el 90 por ciento de abastecimiento f\u00e1rmaco durante este 2026 en las unidades m\u00e9dicas de primer nivel en la entidad.<\/p>\n\n\n\n<p>Durante la Conferencia de Prensa que se desarrolla en Palacio de Gobierno, el Mandatario estatal inform\u00f3 que esta estrategia interinstitucional entre la Federaci\u00f3n y Gobierno Estatal permiti\u00f3 que, durante este fin de semana, se abastecieron los 103 m\u00f3dulos m\u00e9dicos de la Sierra de Ju\u00e1rez, perteneciente a la Jurisdicci\u00f3n Sanitaria n\u00famero 6.<\/p>\n\n\n\n<p>En su participaci\u00f3n, el titular de Servicios de Salud de Oaxaca (SSO), Efr\u00e9n Emmanuel Jarqu\u00edn Gonz\u00e1lez detall\u00f3 que el 3 de marzo inici\u00f3 una conciliaci\u00f3n del consumo promedio mensual (Cpm) de cada unidad del sector, y el 4 de marzo se realiz\u00f3 un registro de productividad y abasteci\u00f3 urgentemente a zonas identificadas.<\/p>\n\n\n\n<p>Para el 17 de marzo se realizar\u00e1 el abasto con el Cpm real, y el 25 se evaluar\u00e1 la estrategia e identificar\u00e1 la necesidad de compra para surtir las claves faltantes. Por \u00faltimo, el resultado de este proyecto se dar\u00e1 a conocer el pr\u00f3ximo 1 de abril, donde se espera superar el 90 por ciento de abastecimiento en las unidades de salud.<\/p>\n\n\n\n<p>Adem\u00e1s, Jarqu\u00edn Gonz\u00e1lez calific\u00f3 esta estrategia como una reingenier\u00eda del abasto, ya que se reinicia la cadena desde la planeaci\u00f3n, analizar\u00e1 el suministro en base a existencias y necesidades, unificar\u00e1n criterios entre IMSS-Bienestar y SSO, identificar\u00e1n a los actores responsables de almacenes y optimizar\u00e1n el abasto de la mano con otras secretar\u00edas.<\/p>\n\n\n\n<p>Para la entrega de los medicamentos, se desarrollar\u00e1 una calendarizaci\u00f3n y digitalizaci\u00f3n en tiempo real, para poder observar y semaforizar cada una de las claves existentes en los centros de atenci\u00f3n que requieran de estos recursos.<\/p>\n\n\n\n<p>Respecto a la Caravana Estatal de Salud \u201cVe\u2019e tata\u201d, el funcionario destac\u00f3 que, del 2 al 7 de marzo se otorgaron mil 573 servicios de brigada fija y atendieron a 4 mil 825 personas de mil 764 familias, todo esto en m\u00e1s de 4 mil casas visitadas de 3 agencias y 18 colonias de Oaxaca de Ju\u00e1rez.<\/p>\n\n\n\n<p>En total acumulado, del 16 de febrero al 7 de marzo, este programa brind\u00f3 6 mil 492 servicios de brigada fija, atendi\u00f3 m\u00e1s de 8 mil 500 personas de 4 mil 113 familias, donde se visitaron m\u00e1s de 9 mil 200 viviendas de 10 agencias y 48 colonias de la capital.<\/p>\n\n\n\n<p>En materia de mastograf\u00edas, se realizaron 111 estudios en las localidades: Trinidad de Viguera, Pueblo Nuevo y Santa Rosa Panzacola.<\/p>\n","protected":false},"excerpt":{"rendered":"<p>*Esta estrategia interinstitucional entre el Estado y la Federaci\u00f3n permiti\u00f3 que, durante este fin de semana, se abastecieron los 103<\/p>\n","protected":false},"author":1,"featured_media":221451,"comment_status":"closed","ping_status":"closed","sticky":false,"template":"","format":"standard","meta":{"footnotes":""},"categories":[11,3],"tags":[],"class_list":["post-221450","post","type-post","status-publish","format-standard","has-post-thumbnail","hentry","category-capital","category-las-destacadas"],"_links":{"self":[{"href":"https:\/\/oaxacadiaadia.com\/index.php?rest_route=\/wp\/v2\/posts\/221450","targetHints":{"allow":["GET"]}}],"collection":[{"href":"https:\/\/oaxacadiaadia.com\/index.php?rest_route=\/wp\/v2\/posts"}],"about":[{"href":"https:\/\/oaxacadiaadia.com\/index.php?rest_route=\/wp\/v2\/types\/post"}],"author":[{"embeddable":true,"href":"https:\/\/oaxacadiaadia.com\/index.php?rest_route=\/wp\/v2\/users\/1"}],"replies":[{"embeddable":true,"href":"https:\/\/oaxacadiaadia.com\/index.php?rest_route=%2Fwp%2Fv2%2Fcomments&post=221450"}],"version-history":[{"count":1,"href":"https:\/\/oaxacadiaadia.com\/index.php?rest_route=\/wp\/v2\/posts\/221450\/revisions"}],"predecessor-version":[{"id":221452,"href":"https:\/\/oaxacadiaadia.com\/index.php?rest_route=\/wp\/v2\/posts\/221450\/revisions\/221452"}],"wp:featuredmedia":[{"embeddable":true,"href":"https:\/\/oaxacadiaadia.com\/index.php?rest_route=\/wp\/v2\/media\/221451"}],"wp:attachment":[{"href":"https:\/\/oaxacadiaadia.com\/index.php?rest_route=%2Fwp%2Fv2%2Fmedia&parent=221450"}],"wp:term":[{"taxonomy":"category","embeddable":true,"href":"https:\/\/oaxacadiaadia.com\/index.php?rest_route=%2Fwp%2Fv2%2Fcategories&post=221450"},{"taxonomy":"post_tag","embeddable":true,"href":"https:\/\/oaxacadiaadia.com\/index.php?rest_route=%2Fwp%2Fv2%2Ftags&post=221450"}],"curies":[{"name":"wp","href":"https:\/\/api.w.org\/{rel}","templated":true}]}}