{"id":221411,"date":"2026-03-10T08:53:45","date_gmt":"2026-03-10T14:53:45","guid":{"rendered":"https:\/\/oaxacadiaadia.com\/?p=221411"},"modified":"2026-03-10T09:07:00","modified_gmt":"2026-03-10T15:07:00","slug":"oaxaca-inversion-historica-en-seguridad-justicia-y-victimas","status":"publish","type":"post","link":"https:\/\/oaxacadiaadia.com\/?p=221411","title":{"rendered":"Oaxaca: inversi\u00f3n hist\u00f3rica en seguridad, justicia y v\u00edctimas"},"content":{"rendered":"\n<figure class=\"wp-block-image size-full\"><a href=\"https:\/\/oaxacadiaadia.com\/wp-content\/uploads\/2026\/03\/Oaxaca-inversion-historica-en-seguridad-justicia-y-victimas.jpg\"><img loading=\"lazy\" decoding=\"async\" width=\"399\" height=\"266\" src=\"https:\/\/oaxacadiaadia.com\/wp-content\/uploads\/2026\/03\/Oaxaca-inversion-historica-en-seguridad-justicia-y-victimas.jpg\" alt=\"\" class=\"wp-image-221412\" srcset=\"https:\/\/oaxacadiaadia.com\/wp-content\/uploads\/2026\/03\/Oaxaca-inversion-historica-en-seguridad-justicia-y-victimas.jpg 399w, https:\/\/oaxacadiaadia.com\/wp-content\/uploads\/2026\/03\/Oaxaca-inversion-historica-en-seguridad-justicia-y-victimas-300x200.jpg 300w\" sizes=\"auto, (max-width: 399px) 100vw, 399px\" \/><\/a><\/figure>\n\n\n\n<p>*Anuncia Salom\u00f3n Jara m\u00e1s de 712 mdp para el sector<\/p>\n\n\n\n<p>*Con este presupuesto, se adquirir\u00e1n 2 mil 20 c\u00e1maras de videovigilancia, 8 mil 25 uniformes, 81 moto patrullas, 65 patrullas, 430 armas de fuego, entre otros<\/p>\n\n\n\n<p>*Asimismo, las y los elementos policiales reciben un aumento salarial<\/p>\n\n\n\n<!--more-->\n\n\n\n<p>Oaxaca, Oaxaca, Martes 10 de Marzo, 2026, (Fuente: Comunicado).- Con el objetivo de fortalecer la seguridad p\u00fablica en el estado, el gobernador Salom\u00f3n Jara Cruz anunci\u00f3 la inversi\u00f3n hist\u00f3rica en seguridad p\u00fablica, justicia y atenci\u00f3n a v\u00edctimas por un monto superior a los 712 millones de pesos.<\/p>\n\n\n\n<p>Durante la conferencia de prensa que encabeza, Jara Cruz destac\u00f3 que, durante 2025, Oaxaca se mantuvo por tercer a\u00f1o consecutivo entre las entidades que m\u00e1s recursos destinaron a este rubro, asimismo mencion\u00f3 que el gobierno del estado continuar\u00e1 trabajando en esta ruta, ya que la protecci\u00f3n y tranquilidad de las y los oaxaque\u00f1os es una prioridad para su administraci\u00f3n.<\/p>\n\n\n\n<p>En este sentido, la secretaria ejecutiva del Sistema Estatal de Seguridad P\u00fablica, Karina Bar\u00f3n Ort\u00edz inform\u00f3 que, de esta inversi\u00f3n, 312 millones de pesos corresponden al Gobierno Federal y casi 400 millones al Estatal; de los cuales el 49 por ciento ser\u00e1 destinado a la Secretar\u00eda de Seguridad y Protecci\u00f3n Ciudadana (SSPC) y el 29 por ciento corresponder\u00e1 a la Fiscal\u00eda General del Estado de Oaxaca (FGEO).<\/p>\n\n\n\n<p>Asimismo, 13 por ciento ir\u00e1 para municipios, 8 por ciento para el Secretariado Ejecutivo de Seguridad P\u00fablica (SESESP) y 1 por ciento para la Comisi\u00f3n Ejecutiva Estatal de Atenci\u00f3n Integral a V\u00edctimas.<\/p>\n\n\n\n<p>Con este presupuesto se adquirir\u00e1n 2 mil 20 c\u00e1maras de videovigilancia, 8 mil 25 uniformes, 430 armas de fuego, 81 moto patrullas, 65 patrullas, cuatro veh\u00edculos t\u00e1cticos, accesorios Workstation, servicios de telecomunicaci\u00f3n, equipo t\u00e1ctico, drones, productos de laboratorio m\u00e9dico, radios de alta gama, escudos bal\u00edsticos, unidades especiales, entre otros.<\/p>\n\n\n\n<p>Por su parte, el titular de la SSPC, F\u00e9lix Quir\u00f3z Javier comunic\u00f3 que despu\u00e9s de d\u00e9cadas de abandono institucional y con el fin de garantizar que las y los agentes policiales lleven sustento digno a sus hogares, este personal operativo obtiene un incremento salarial correspondiente al 17.24 por ciento.<\/p>\n\n\n\n<p>\u201cM\u00e1s all\u00e1 de los n\u00fameros y porcentajes, este es un acto de justicia y dignidad, sabemos que detr\u00e1s de cada uniforme hay un hogar, hijas e hijos que van a la escuela, adem\u00e1s de sue\u00f1os y esperanzas. Un polic\u00eda bien remunerado, valorado y respetado por su gobierno, es un polic\u00eda incorruptible, entregado y comprometido con la defensa de su pueblo\u00bb, finaliz\u00f3 el funcionario.<\/p>\n\n\n\n<p><strong>Anuncia gobierno de Oaxaca convocatorias para los programas Tarjeta Margarita Maza y Tarjeta Joven 2026<\/strong><\/p>\n\n\n\n<p>Por otra parte, como una tarea permanente de otorgar justicia social al pueblo, el Gobierno de Oaxaca present\u00f3 las convocatorias de los programas Tarjeta Margarita Maza y Tarjeta Joven 2026, que beneficiar\u00e1n a grupos hist\u00f3ricamente vulnerables.<\/p>\n\n\n\n<p>La estrategia Margarita Maza contempla para este a\u00f1o una inversi\u00f3n de 250 millones de pesos, a favor de m\u00e1s de 19 mil jefas de familia, madres solteras en mayor desventaja social y v\u00edctimas de feminicidio. Este pl\u00e1stico otorga un apoyo de 2 mil pesos bimestrales, equivalente a 12 mil pesos anuales.<\/p>\n\n\n\n<p>La convocatoria estar\u00e1 abierta del 9 de marzo al 17 de abril, y las interesadas podr\u00e1n registrarse en los m\u00f3dulos Bienestar instalados en las distintas regiones del estado.<\/p>\n\n\n\n<p>Por otro lado, para beneficiar a m\u00e1s de 13 mil juventudes en toda la entidad, se invertir\u00e1n 100 millones de pesos para el proyecto Tarjeta Joven, el cual brinda un recurso de 7 mil 200 pesos anuales; y que ahora, las y los beneficiarios podr\u00e1n retirar hasta mil 100 pesos en efectivo, todo esto para acceder a actividades deportivas, culturales y recreativas que les permitan desarrollarse integralmente.<\/p>\n\n\n\n<p>Cabe destacar que para este 2026, Tarjeta Joven ampl\u00eda su rango de edad beneficiando a j\u00f3venes de 18 a 24 a\u00f1os de edad.<\/p>\n\n\n\n<p>El registro para este programa se realizar\u00e1 del 9 de marzo al 9 de mayo a trav\u00e9s de la plataforma digital tarjetajoven.oaxaca.gob.mx, con requisitos sencillos para su f\u00e1cil acceso.<\/p>\n\n\n\n<p><strong>Capacita gobierno de Oaxaca a autoridades municipales para la atenci\u00f3n a grupos prioritarios<\/strong><\/p>\n\n\n\n<p>En otro contexto, el gobernador Salom\u00f3n Jara Cruz encabez\u00f3 la Jornada de Capacitaci\u00f3n dirigida a autoridades municipales para fortalecer la atenci\u00f3n a grupos prioritarios, en la que participaron m\u00e1s de 400 representantes de distintas regiones del estado.<\/p>\n\n\n\n<p>Acompa\u00f1ado por la Presidenta Honoraria del Sistema Estatal para el Desarrollo Integral de la Familia (DIF) Oaxaca, Irma Bola\u00f1os Quijano, el Mandatario estatal destac\u00f3 que estas acciones permitir\u00e1n consolidar una gesti\u00f3n p\u00fablica m\u00e1s eficiente y transparente en las ocho regiones del estado, por lo que el trabajo coordinado con los municipios es fundamental para acercar los apoyos y servicios a las comunidades.<\/p>\n\n\n\n<p>\u201cNecesitamos gobiernos municipales sensibles y comprometidos que atiendan a nuestras agencias y municipios, porque aqu\u00ed nadie debe quedar fuera; es responsabilidad de todas y todos trabajar por nuestra gente\u201d, puntualiz\u00f3.<\/p>\n\n\n\n<p>Durante la jornada se instalaron mesas de atenci\u00f3n donde las autoridades municipales resolvieron dudas y recibieron orientaci\u00f3n por parte de las \u00e1reas de Operaci\u00f3n y Asistencia Alimentaria, Desarrollo Familiar y Social, Delegaciones, Operaci\u00f3n y Bienestar.<\/p>\n\n\n\n<p>Tambi\u00e9n participaron la Procuradur\u00eda de la Defensa de las Personas con Discapacidad del Estado de Oaxaca (PROPCD) y la Procuradur\u00eda Estatal de Protecci\u00f3n de los Derechos de Ni\u00f1as, Ni\u00f1os y Adolescentes del Estado de Oaxaca (PRODENNAO).<\/p>\n\n\n\n<p>Con estas acciones, el Gobierno del Estado fortalece el trabajo conjunto con los municipios para garantizar que los programas y servicios lleguen a las agencias, comunidades y localidades que m\u00e1s lo necesitan.<\/p>\n","protected":false},"excerpt":{"rendered":"<p>*Anuncia Salom\u00f3n Jara m\u00e1s de 712 mdp para el sector *Con este presupuesto, se adquirir\u00e1n 2 mil 20 c\u00e1maras de<\/p>\n","protected":false},"author":1,"featured_media":221412,"comment_status":"closed","ping_status":"closed","sticky":false,"template":"","format":"standard","meta":{"footnotes":""},"categories":[11,3,7,4,14],"tags":[],"class_list":["post-221411","post","type-post","status-publish","format-standard","has-post-thumbnail","hentry","category-capital","category-las-destacadas","category-municipal","category-policiaca","category-titulares"],"_links":{"self":[{"href":"https:\/\/oaxacadiaadia.com\/index.php?rest_route=\/wp\/v2\/posts\/221411","targetHints":{"allow":["GET"]}}],"collection":[{"href":"https:\/\/oaxacadiaadia.com\/index.php?rest_route=\/wp\/v2\/posts"}],"about":[{"href":"https:\/\/oaxacadiaadia.com\/index.php?rest_route=\/wp\/v2\/types\/post"}],"author":[{"embeddable":true,"href":"https:\/\/oaxacadiaadia.com\/index.php?rest_route=\/wp\/v2\/users\/1"}],"replies":[{"embeddable":true,"href":"https:\/\/oaxacadiaadia.com\/index.php?rest_route=%2Fwp%2Fv2%2Fcomments&post=221411"}],"version-history":[{"count":1,"href":"https:\/\/oaxacadiaadia.com\/index.php?rest_route=\/wp\/v2\/posts\/221411\/revisions"}],"predecessor-version":[{"id":221413,"href":"https:\/\/oaxacadiaadia.com\/index.php?rest_route=\/wp\/v2\/posts\/221411\/revisions\/221413"}],"wp:featuredmedia":[{"embeddable":true,"href":"https:\/\/oaxacadiaadia.com\/index.php?rest_route=\/wp\/v2\/media\/221412"}],"wp:attachment":[{"href":"https:\/\/oaxacadiaadia.com\/index.php?rest_route=%2Fwp%2Fv2%2Fmedia&parent=221411"}],"wp:term":[{"taxonomy":"category","embeddable":true,"href":"https:\/\/oaxacadiaadia.com\/index.php?rest_route=%2Fwp%2Fv2%2Fcategories&post=221411"},{"taxonomy":"post_tag","embeddable":true,"href":"https:\/\/oaxacadiaadia.com\/index.php?rest_route=%2Fwp%2Fv2%2Ftags&post=221411"}],"curies":[{"name":"wp","href":"https:\/\/api.w.org\/{rel}","templated":true}]}}