{"id":221405,"date":"2026-03-09T09:29:33","date_gmt":"2026-03-09T15:29:33","guid":{"rendered":"https:\/\/oaxacadiaadia.com\/?p=221405"},"modified":"2026-03-09T09:29:34","modified_gmt":"2026-03-09T15:29:34","slug":"plan-de-atencion-inmediata-por-incendio-en-punta-zicatela","status":"publish","type":"post","link":"https:\/\/oaxacadiaadia.com\/?p=221405","title":{"rendered":"Plan de atenci\u00f3n inmediata por incendio en Punta Zicatela"},"content":{"rendered":"\n<figure class=\"wp-block-image size-full\"><a href=\"https:\/\/oaxacadiaadia.com\/wp-content\/uploads\/2026\/03\/Plan-de-atencion-inmediata-por-incendio-en-Punta-Zicatela.jpg\"><img loading=\"lazy\" decoding=\"async\" width=\"410\" height=\"274\" src=\"https:\/\/oaxacadiaadia.com\/wp-content\/uploads\/2026\/03\/Plan-de-atencion-inmediata-por-incendio-en-Punta-Zicatela.jpg\" alt=\"\" class=\"wp-image-221406\" srcset=\"https:\/\/oaxacadiaadia.com\/wp-content\/uploads\/2026\/03\/Plan-de-atencion-inmediata-por-incendio-en-Punta-Zicatela.jpg 410w, https:\/\/oaxacadiaadia.com\/wp-content\/uploads\/2026\/03\/Plan-de-atencion-inmediata-por-incendio-en-Punta-Zicatela-300x200.jpg 300w\" sizes=\"auto, (max-width: 410px) 100vw, 410px\" \/><\/a><\/figure>\n\n\n\n<p>*As\u00ed lo anunci\u00f3 Salom\u00f3n Jara para el sector tur\u00edstico afectado<\/p>\n\n\n\n<p>*El Mandatario Estatal afirm\u00f3 que el Gobierno de Oaxaca se encuentra en territorio para trabajar en la reconstrucci\u00f3n y reactivaci\u00f3n de esta importante zona de desarrollo tur\u00edstico<\/p>\n\n\n\n<!--more-->\n\n\n\n<p>Punta Zicatela, Puerto Escondido, Juquila, Oaxaca, Lunes 09 de Marzo, 2026, (Fuente: Comunicado).- Al recorrer la zona afectada por el siniestro registrado la madrugada de este viernes en Punta Zicatela, el Gobernador Salom\u00f3n Jara Cruz anunci\u00f3 la implementaci\u00f3n de un plan de atenci\u00f3n inmediato para la recuperaci\u00f3n de esta zona clave para el desarrollo tur\u00edstico de Oaxaca.<\/p>\n\n\n\n<p>En primera instancia y mediante el diagn\u00f3stico de da\u00f1os, se realizar\u00e1n acciones de limpieza y rehabilitaci\u00f3n del \u00e1rea afectada, por lo que se apoyar\u00e1 con maquinaria y un equipo de tequio para apoyar a las labores de rehabilitaci\u00f3n, para que Zicatela est\u00e9 lista para dar servicios durante la temporada de Semana Santa.<\/p>\n\n\n\n<p>Posteriormente, el Mandatario estatal indic\u00f3 que se realizar\u00e1 una campa\u00f1a de difusi\u00f3n y promoci\u00f3n para comunicar que Punta Zicatela sigue activa para recibir a las y los visitantes.<\/p>\n\n\n\n<p>Asimismo, se apoyar\u00e1 directamente al sector tur\u00edstico afectado mediante Ban Oaxaca para facilitar cr\u00e9ditos hasta por 185 mil pesos para la reactivaci\u00f3n de sus negocios y estar aptos para ofrecer servicios al turismo.<\/p>\n\n\n\n<p>Durante este trayecto, el Mandatario Estatal afirm\u00f3 que las y los prestadores de servicios no est\u00e1n solos. El Gobierno estatal se encuentra en territorio para trabajar juntos en la recuperaci\u00f3n, reconstrucci\u00f3n y reactivaci\u00f3n econ\u00f3mica de Punta Zicatela.<\/p>\n\n\n\n<p><strong>Colonia Sat\u00e9lite de Xoxo \u2013 agencia Donaj\u00ed, nueva ruta del BinniBus<\/strong><\/p>\n\n\n\n<p>Por otra parte, el gobierno del estado, a trav\u00e9s del Sistema de Transporte Colectivo Metropolitano BinniBus Oaxaca implement\u00f3 el pasado s\u00e1bado la nueva ruta RA08 \u201cKOO\u201d que significa \u201cLuna\u201d en chatino de Santos Reyes Nopala, la cual beneficiar\u00e1 a m\u00e1s de mil 400 personas usuarias.<\/p>\n\n\n\n<p>La directora del BinniBus, Karina G\u00f3mez Esteban, resalt\u00f3 que este trayecto brinda servicio desde la agencia Donaj\u00ed hasta la colonia Sat\u00e9lite y cuenta con ocho unidades que recorren m\u00e1s de 34 kil\u00f3metros, con 115 paradas totales, de las cuales 55 son de ida y 60 de regreso; acercando un transporte moderno, seguro e incluyente a la poblaci\u00f3n.<\/p>\n\n\n\n<p>Desde su base en la colonia Sat\u00e9lite, la unidad inicia su recorrido por Esquipulas y puente de la Ex Garita, posteriormente por Santa Anita, Parque Primavera Cho Ndob\u00e1, calle Nu\u00f1o del Mercado, avenida Morelos, Asilo los Tamayo, calzada Ni\u00f1os H\u00e9roes de Chapultepec, avenida Belisario Dom\u00ednguez, CBTis 26, M\u00f3dulo Azul y culmina en base Donaj\u00ed.<\/p>\n\n\n\n<p>De regreso, transita por la calle Venustiano Carranza, retoma Mesa de An\u00e1huac, pasa por el campo de b\u00e9isbol Vinicio Castilla, contin\u00faa por el CBTis 26, Fuente de las Ocho Regiones, crucero de Fonapas, avenida de la Independencia, Parque Primavera Cho Ndob\u00e1, puente de la Ex Garita, Mercado de Santa Cruz Xoxocotl\u00e1n, Esquipulas y llega a su base en la colonia Sat\u00e9lite.<\/p>\n\n\n\n<p>Esta nueva ruta otorgar\u00e1 servicio todos los d\u00edas de la semana, con un horario de 6:00 a 22:00 horas. La tarifa general es de 8 pesos, 4 pesos para personas mayores y estudiantes, y servicio gratuito para personas con discapacidad.<\/p>\n\n\n\n<p><strong>Avalado por COFEPRIS, uso de malati\u00f3n para combatir la mosca de la fruta<\/strong><\/p>\n\n\n\n<p>En otro sentido, la Secretar\u00eda de Fomento Agroalimentario y Desarrollo Rural (SEFADER), informa que el uso de malati\u00f3n en la campa\u00f1a contra la mosca de la fruta est\u00e1 avalado por la Comisi\u00f3n Federal para la Protecci\u00f3n contra Riesgos Sanitarios (COFEPRIS), y es aplicado bajo criterios t\u00e9cnicos, normatividad federal vigente y estrictos protocolos de seguridad; con el objetivo de proteger la producci\u00f3n frut\u00edcola y el estatus fitosanitario de la entidad.<\/p>\n\n\n\n<p>Ante informaci\u00f3n que ha circulado en redes sociales respecto al uso de este producto qu\u00edmico, la SEFADER precisa que su aplicaci\u00f3n se encuentra sustentada en la Norma Oficial Mexicana NOM-023-FITO-1995, que establece los lineamientos para la campa\u00f1a contra moscas de la fruta.<\/p>\n\n\n\n<p>Adem\u00e1s, precisa que, de acuerdo con la Agencia de Protecci\u00f3n Ambiental de Estados Unidos, (EPA, por sus siglas en ingl\u00e9s), ha concluido que, usado conforme a las especificaciones t\u00e9cnicas, no representa riesgos significativos para la poblaci\u00f3n general.<\/p>\n\n\n\n<p>La dependencia estatal puntualiza que, en Oaxaca, el malati\u00f3n se utiliza exclusivamente con un esquema dirigido, con aplicaciones puntuales durante las primeras horas del d\u00eda para maximizar su eficacia.<\/p>\n\n\n\n<p>Adem\u00e1s, su aplicaci\u00f3n se realiza por personal capacitado del Comit\u00e9 Estatal de Sanidad Vegetal de Oaxaca (CESVO), con uso obligatorio de equipo de protecci\u00f3n personal, supervisi\u00f3n t\u00e9cnica oficial y delimitaci\u00f3n geogr\u00e1fica precisa, evitando en todo momento aplicaciones indiscriminadas.<\/p>\n\n\n\n<p>El gobierno del estado tambi\u00e9n impulsa una transici\u00f3n progresiva hacia m\u00e9todos biol\u00f3gicos y sostenibles, que incluyen la liberaci\u00f3n de parasitoides, la implementaci\u00f3n de la T\u00e9cnica del Insecto Est\u00e9ril (TIE) y el fortalecimiento del manejo integrado de plagas.<\/p>\n\n\n\n<p>Por lo que reitera que la pol\u00edtica p\u00fablica en materia agroalimentaria se sustenta en evidencia cient\u00edfica, regulaci\u00f3n vigente y responsabilidad ambiental, con el compromiso de proteger la producci\u00f3n del campo, la salud de la poblaci\u00f3n y el equilibrio ecol\u00f3gico.<\/p>\n\n\n\n<p><strong>Gobierno del estado reitera disposici\u00f3n para instalar mesa de di\u00e1logo con Bajos de Chila<\/strong><\/p>\n\n\n\n<p>En otro asunto, el gobierno del estado instal\u00f3 una mesa de resoluci\u00f3n con la localidad Bajos de Chila, en San Pedro Mixtepec, a fin de atender la problem\u00e1tica ambiental del relleno sanitario en esta localidad.<\/p>\n\n\n\n<p>En un marco de respeto y comunicaci\u00f3n abierta, se plantearon respuestas para solucionar las peticiones de las y los habitantes de esta zona de la Costa, adem\u00e1s de brindar un seguimiento puntual.<\/p>\n\n\n\n<p>El Gobierno de la Primavera Oaxaque\u00f1a refrenda su compromiso de avanzar hacia soluciones conjuntas que fortalezcan el bienestar de la poblaci\u00f3n.<\/p>\n\n\n\n<p><strong>Celebra Huautla de Jim\u00e9nez primera Guelaguetza Mazateca \u201cNax\u00f3 Loxa\u201d<\/strong><\/p>\n\n\n\n<p>En otro contexto, en un ambiente de celebraci\u00f3n y gran j\u00fabilo, el Pueblo M\u00e1gico de Huautla de Jim\u00e9nez (del distrito de Teotitl\u00e1n de Flores Mag\u00f3n, regi\u00f3n Sierra de Flores Mag\u00f3n de Oaxaca) celebr\u00f3 la primera Guelaguetza Mazateca \u201cNax\u00f3 Loxa\u201d, donde la hermandad de los pueblos de Oaxaca se hizo presente ante personas locales y visitantes.<\/p>\n\n\n\n<p>En representaci\u00f3n de la secretaria de Turismo del Estado, Saymi Pineda Velasco; la subsecretaria de Operaci\u00f3n Tur\u00edstica, Mariel L\u00f3pez Villatoro resalt\u00f3 que esta primera edici\u00f3n, forma parte del programa Guelaguetzas Regionales, impulsado por el Gobernador Salom\u00f3n Jara Cruz, como un motor de desarrollo econ\u00f3mico, tur\u00edstico y social, que fortalece la identidad comunitaria y proyecta a la entidad como destino diverso.<\/p>\n\n\n\n<p>Las nueve delegaciones participantes, ofrecieron un convite por las calles de la localidad hasta la explanada municipal, donde cada una comparti\u00f3 sus danzas, bailes, m\u00fasica, vestimenta tradicional, historia y cultura.<\/p>\n\n\n\n<p>Con la presencia de la representante de la Diosa Cent\u00e9otl 2025, Patricia Casiano Zaragoza y el acompa\u00f1amiento de la Banda de M\u00fasica de la Secretar\u00eda de Seguridad y Protecci\u00f3n Ciudadana (SSPC), se presentaron de la Sierra de Flores Mag\u00f3n, la comunidad anfitriona Huautla de Jim\u00e9nez, adem\u00e1s de San Jos\u00e9 Tenango.<\/p>\n\n\n\n<p>De la Cuenca del Papaloapan, San Felipe Jalapa de D\u00edaz, San Pedro Ixcatl\u00e1n, Loma Bonita y San Juan Bautista Tuxtepec; de la Sierra Sur, Villa Sola de Vega; de los Valles Centrales, San Bartolo Coyotepec; y de la Mixteca, Heroica Ciudad de Huajuapan de Le\u00f3n.<\/p>\n\n\n\n<p><strong>Brinda gobierno del estado atenci\u00f3n a incendio en sitio de disposici\u00f3n final de residuos s\u00f3lidos de San Pedro Mixtepec<\/strong><\/p>\n\n\n\n<p>En otro hecho, en atenci\u00f3n al incendio registrado en el sitio de disposici\u00f3n final de residuos s\u00f3lidos del municipio de San Pedro Mixtepec, en la Costa, el Gobierno del Estado, en coordinaci\u00f3n con la autoridad municipal ha implementado acciones para su control y liquidaci\u00f3n, como el uso de pipas de agua y uso de maquinaria pesada para habilitar caminos alternos.<\/p>\n\n\n\n<p>Estas labores se realizan conforme a los lineamientos del Centro Nacional de Prevenci\u00f3n de Desastres (CENAPRED) y bajo la asesor\u00eda de la Coordinaci\u00f3n Estatal de Protecci\u00f3n Civil y Gesti\u00f3n de Riesgos (CEPCyGR) y la Secretar\u00eda de Medio Ambiente, Biodiversidad, Energ\u00edas y Sostenibilidad; en una superficie aproximada de 5.5 hect\u00e1reas afectadas.<\/p>\n\n\n\n<p>Tambi\u00e9n participa personal del Organismo Operador Encargado de la Gesti\u00f3n y Manejo Integral de los Residuos S\u00f3lidos Urbanos y de Manejo Especial del Estado de Oaxaca y la Procuradur\u00eda de Protecci\u00f3n al Ambiente estatal; quienes se encuentran en la demarcaci\u00f3n para brindar asesor\u00eda t\u00e9cnica y atender las inquietudes de la poblaci\u00f3n.<\/p>\n\n\n\n<p>Por otra parte, derivado de la generaci\u00f3n de humos, gases y part\u00edculas contaminantes, se emiten las siguientes recomendaciones que deber\u00e1n aplicarse en un radio aproximado de 5 kil\u00f3metros alrededor de la zona, con el objetivo de proteger la salud de la ciudadan\u00eda mientras el incendio permanezca activo.<\/p>\n\n\n\n<p>Mantenerse lejos del \u00e1rea afectada, procurar que ni\u00f1as y ni\u00f1os menores de 12 a\u00f1os, personas adultas mayores, mujeres embarazadas y personas con enfermedades respiratorias permanezcan en el interior de sus viviendas, en caso de salir, utilizar cubrebocas tipo N95 para reducir la inhalaci\u00f3n de contaminantes.<\/p>\n\n\n\n<p>Asimismo, suspender actividades al aire libre organizadas por instituciones p\u00fablicas o privadas; posponer temporalmente tareas que generen emisiones adicionales como trabajos de construcci\u00f3n, pavimentaci\u00f3n o quema de le\u00f1a y carb\u00f3n, as\u00ed como consumir abundantes l\u00edquidos.<\/p>\n\n\n\n<p>Tambi\u00e9n, se recomienda mantener tapados los contenedores de agua para uso dom\u00e9stico y, en caso de presentar s\u00edntomas o problemas respiratorios, acudir a una unidad m\u00e9dica cercana.<\/p>\n","protected":false},"excerpt":{"rendered":"<p>*As\u00ed lo anunci\u00f3 Salom\u00f3n Jara para el sector tur\u00edstico afectado *El Mandatario Estatal afirm\u00f3 que el Gobierno de Oaxaca se<\/p>\n","protected":false},"author":1,"featured_media":221406,"comment_status":"closed","ping_status":"closed","sticky":false,"template":"","format":"standard","meta":{"footnotes":""},"categories":[11,3,7],"tags":[],"class_list":["post-221405","post","type-post","status-publish","format-standard","has-post-thumbnail","hentry","category-capital","category-las-destacadas","category-municipal"],"_links":{"self":[{"href":"https:\/\/oaxacadiaadia.com\/index.php?rest_route=\/wp\/v2\/posts\/221405","targetHints":{"allow":["GET"]}}],"collection":[{"href":"https:\/\/oaxacadiaadia.com\/index.php?rest_route=\/wp\/v2\/posts"}],"about":[{"href":"https:\/\/oaxacadiaadia.com\/index.php?rest_route=\/wp\/v2\/types\/post"}],"author":[{"embeddable":true,"href":"https:\/\/oaxacadiaadia.com\/index.php?rest_route=\/wp\/v2\/users\/1"}],"replies":[{"embeddable":true,"href":"https:\/\/oaxacadiaadia.com\/index.php?rest_route=%2Fwp%2Fv2%2Fcomments&post=221405"}],"version-history":[{"count":1,"href":"https:\/\/oaxacadiaadia.com\/index.php?rest_route=\/wp\/v2\/posts\/221405\/revisions"}],"predecessor-version":[{"id":221407,"href":"https:\/\/oaxacadiaadia.com\/index.php?rest_route=\/wp\/v2\/posts\/221405\/revisions\/221407"}],"wp:featuredmedia":[{"embeddable":true,"href":"https:\/\/oaxacadiaadia.com\/index.php?rest_route=\/wp\/v2\/media\/221406"}],"wp:attachment":[{"href":"https:\/\/oaxacadiaadia.com\/index.php?rest_route=%2Fwp%2Fv2%2Fmedia&parent=221405"}],"wp:term":[{"taxonomy":"category","embeddable":true,"href":"https:\/\/oaxacadiaadia.com\/index.php?rest_route=%2Fwp%2Fv2%2Fcategories&post=221405"},{"taxonomy":"post_tag","embeddable":true,"href":"https:\/\/oaxacadiaadia.com\/index.php?rest_route=%2Fwp%2Fv2%2Ftags&post=221405"}],"curies":[{"name":"wp","href":"https:\/\/api.w.org\/{rel}","templated":true}]}}