{"id":221362,"date":"2026-03-07T09:37:21","date_gmt":"2026-03-07T15:37:21","guid":{"rendered":"https:\/\/oaxacadiaadia.com\/?p=221362"},"modified":"2026-03-07T09:37:22","modified_gmt":"2026-03-07T15:37:22","slug":"empresaria-mixe-denuncia-violencia-y-despojo-de-su-empresa","status":"publish","type":"post","link":"https:\/\/oaxacadiaadia.com\/?p=221362","title":{"rendered":"Empresaria mixe denuncia violencia y despojo de su empresa"},"content":{"rendered":"\n<figure class=\"wp-block-image size-full\"><a href=\"https:\/\/oaxacadiaadia.com\/wp-content\/uploads\/2026\/03\/Empresaria-mixe-denuncia-violencia-y-despojo-de-su-empresa.jpg\"><img loading=\"lazy\" decoding=\"async\" width=\"410\" height=\"308\" src=\"https:\/\/oaxacadiaadia.com\/wp-content\/uploads\/2026\/03\/Empresaria-mixe-denuncia-violencia-y-despojo-de-su-empresa.jpg\" alt=\"\" class=\"wp-image-221363\" srcset=\"https:\/\/oaxacadiaadia.com\/wp-content\/uploads\/2026\/03\/Empresaria-mixe-denuncia-violencia-y-despojo-de-su-empresa.jpg 410w, https:\/\/oaxacadiaadia.com\/wp-content\/uploads\/2026\/03\/Empresaria-mixe-denuncia-violencia-y-despojo-de-su-empresa-300x225.jpg 300w\" sizes=\"auto, (max-width: 410px) 100vw, 410px\" \/><\/a><\/figure>\n\n\n\n<!--more-->\n\n\n\n<p>Oaxaca, Oaxaca, S\u00e1bado 07 de Marzo, 2026, (Fuente: Agencia Zona Roja).- \u201cPasaron d\u00e9cadas desde que viv\u00ed situaciones que no sab\u00eda nombrar por parte de mi ex concubino Rafael R.G, hoy s\u00e9 que fue violencia en todas sus manifestaciones hacia m\u00ed y hacia nuestros tres hijos; pero no le bast\u00f3, esa violencia preparaba un escenario para arrebatarme del patrimonio que tanto trabaj\u00e9 en construir.<\/p>\n\n\n\n<p>\u201cDesde el a\u00f1o 2009 trabaj\u00e9 todos los d\u00edas para levantar el negocio \u2018Los Combinados\u2019 una taquer\u00eda conocida y reconocida por muchos en Oaxaca. No fue suerte. Fue esfuerzo, jornadas largas, discriminaci\u00f3n superada y una lucha constante por ocupar un espacio como mujer ind\u00edgena empresaria en Oaxaca\u201d.<\/p>\n\n\n\n<p>Esta es la narraci\u00f3n y denuncia que hace Efrail Ju\u00e1rez L\u00f3pez, mujer ind\u00edgena Mixe y empresaria que, tras a\u00f1os de violencia y en v\u00edsperas del D\u00eda Internacional de la Mujer, se decidi\u00f3 a denunciar los hechos.<\/p>\n\n\n\n<p>Desde su esfuerzo, no solo sostuvo a su familia, sino que tambi\u00e9n apoy\u00f3 a su comunidad en momentos fundamentales en San Pedro y San Pablo Ayutla, en la zona Mixe de Oaxaca.<\/p>\n\n\n\n<p>Desde hace 17 a\u00f1os particip\u00f3 en la construcci\u00f3n y consolidaci\u00f3n de la empresa conocida como \u201cLos Combinados\u201d, ubicada en la colonia Reforma de la ciudad de Oaxaca. Su trabajo constante fue parte esencial del crecimiento del negocio.<\/p>\n\n\n\n<p>Hoy, Efrail denuncia haber sido v\u00edctima de violencia f\u00edsica, econ\u00f3mica y patrimonial por parte de su ex pareja, Rafael R.G., quien \u2014seg\u00fan su testimonio\u2014 la despoj\u00f3 de sus derechos sobre el patrimonio y el negocio que ayud\u00f3 a construir.<\/p>\n\n\n\n<p>En el video que se difunde, con hechos del 28 de abril del 2025, se logra ver lo que ser\u00eda el despojo violento a Efrail por parte de su ex concubino Rafael R.G., quien desde entonces sac\u00f3 por la fuerza de su negocio, le prohibi\u00f3 el acceso, le quit\u00f3 la participaci\u00f3n en los ingresos; adem\u00e1s, el violentador condicion\u00f3 a los trabajadores a no seguir al mando de Efrail y ha buscado sabotearla aprovechando su ventaja econ\u00f3mica.<\/p>\n\n\n\n<p>La se\u00f1ora Efrail hace un llamado a la sociedad y a las autoridades competentes, entre ellas el Tribunal Superior de Justicia y la Fiscal\u00eda General del Estado, para que su caso sea atendido con perspectiva de g\u00e9nero e interculturalidad, y para que no se perpet\u00fae la violencia patriarcal que hist\u00f3ricamente ha negado a las mujeres \u2014especialmente a las mujeres ind\u00edgenas\u2014 el derecho a liderar, administrar y conservar los negocios que construyen.<\/p>\n\n\n\n<p>Tambi\u00e9n a la sociedad a su solidaridad y a no permitir que estos hechos se sigan replicando no solo en instituciones, sino tambi\u00e9n en el c\u00edrculo familiar o empresarial.<\/p>\n\n\n\n<p>Por \u00faltimo, en el marco del 8 de Marzo, D\u00eda Internacional de la Mujer, Efrail hace un llamado de sororidad a las mujeres para cuestionar, confrontar espacios que despojan de derechos a las mujeres como lo es ahora \u201cLos combinados\u201d cuyos ingresos est\u00e1n siendo usados para violentar los derechos de Efrail y favorecer a su violentador.<\/p>\n\n\n\n<p>He decidido compartirles una peque\u00f1a ventana de lo que he vivido durante gran parte de mi vida a trav\u00e9s de estas im\u00e1genes que han marcado mi vida personal.<\/p>\n\n\n\n<p>\u201cLlegar a este punto es porque la violencia ejercida hacia m\u00ed encontr\u00f3 aliados, en el silencio c\u00f3mplice de muchas personas a las que consideraba colaboradores, en las instituciones que en sus procesos lentos, revictimizantes e incluso corruptos, me dejan en la total indefensi\u00f3n mientras el hombre que me despoj\u00f3 usa todo su poder econ\u00f3mico mal habido para arrebatarme mis derechos y dej\u00e1ndome en total desigualdad e indefensi\u00f3n\u201d, destac\u00f3 en su testimonio.<\/p>\n","protected":false},"excerpt":{"rendered":"","protected":false},"author":1,"featured_media":221363,"comment_status":"closed","ping_status":"closed","sticky":false,"template":"","format":"standard","meta":{"footnotes":""},"categories":[11,3,7,14],"tags":[],"class_list":["post-221362","post","type-post","status-publish","format-standard","has-post-thumbnail","hentry","category-capital","category-las-destacadas","category-municipal","category-titulares"],"_links":{"self":[{"href":"https:\/\/oaxacadiaadia.com\/index.php?rest_route=\/wp\/v2\/posts\/221362","targetHints":{"allow":["GET"]}}],"collection":[{"href":"https:\/\/oaxacadiaadia.com\/index.php?rest_route=\/wp\/v2\/posts"}],"about":[{"href":"https:\/\/oaxacadiaadia.com\/index.php?rest_route=\/wp\/v2\/types\/post"}],"author":[{"embeddable":true,"href":"https:\/\/oaxacadiaadia.com\/index.php?rest_route=\/wp\/v2\/users\/1"}],"replies":[{"embeddable":true,"href":"https:\/\/oaxacadiaadia.com\/index.php?rest_route=%2Fwp%2Fv2%2Fcomments&post=221362"}],"version-history":[{"count":1,"href":"https:\/\/oaxacadiaadia.com\/index.php?rest_route=\/wp\/v2\/posts\/221362\/revisions"}],"predecessor-version":[{"id":221364,"href":"https:\/\/oaxacadiaadia.com\/index.php?rest_route=\/wp\/v2\/posts\/221362\/revisions\/221364"}],"wp:featuredmedia":[{"embeddable":true,"href":"https:\/\/oaxacadiaadia.com\/index.php?rest_route=\/wp\/v2\/media\/221363"}],"wp:attachment":[{"href":"https:\/\/oaxacadiaadia.com\/index.php?rest_route=%2Fwp%2Fv2%2Fmedia&parent=221362"}],"wp:term":[{"taxonomy":"category","embeddable":true,"href":"https:\/\/oaxacadiaadia.com\/index.php?rest_route=%2Fwp%2Fv2%2Fcategories&post=221362"},{"taxonomy":"post_tag","embeddable":true,"href":"https:\/\/oaxacadiaadia.com\/index.php?rest_route=%2Fwp%2Fv2%2Ftags&post=221362"}],"curies":[{"name":"wp","href":"https:\/\/api.w.org\/{rel}","templated":true}]}}