{"id":221308,"date":"2026-03-06T08:16:34","date_gmt":"2026-03-06T14:16:34","guid":{"rendered":"https:\/\/oaxacadiaadia.com\/?p=221308"},"modified":"2026-03-06T08:16:35","modified_gmt":"2026-03-06T14:16:35","slug":"abusos-negligencias-muertes-el-dif-oaxaca","status":"publish","type":"post","link":"https:\/\/oaxacadiaadia.com\/?p=221308","title":{"rendered":"Abusos, negligencias, muertes\u2026 el DIF Oaxaca"},"content":{"rendered":"\n<figure class=\"wp-block-image size-full\"><a href=\"https:\/\/oaxacadiaadia.com\/wp-content\/uploads\/2026\/03\/Abusos-negligencias-muertes\u2026-el-DIF-Oaxaca.jpg\"><img loading=\"lazy\" decoding=\"async\" width=\"402\" height=\"203\" src=\"https:\/\/oaxacadiaadia.com\/wp-content\/uploads\/2026\/03\/Abusos-negligencias-muertes\u2026-el-DIF-Oaxaca.jpg\" alt=\"\" class=\"wp-image-221309\" srcset=\"https:\/\/oaxacadiaadia.com\/wp-content\/uploads\/2026\/03\/Abusos-negligencias-muertes\u2026-el-DIF-Oaxaca.jpg 402w, https:\/\/oaxacadiaadia.com\/wp-content\/uploads\/2026\/03\/Abusos-negligencias-muertes\u2026-el-DIF-Oaxaca-300x151.jpg 300w\" sizes=\"auto, (max-width: 402px) 100vw, 402px\" \/><\/a><\/figure>\n\n\n\n<p>*La muerte de dos ni\u00f1as haitianas exhibe un esquema de abusos, mediante el cual funcionarios del DIF estatal explotan laboralmente a menores<\/p>\n\n\n\n<!--more-->\n\n\n\n<p>Oaxaca, Oaxaca, Viernes 06 de Marzo, 2026, (Fuente: Noticias N+, Instinto Noticias, Agencias y Comunicado).- La muerte de dos hermanas dentro de un albergue migrante en el estado de Oaxaca, menores de edad y originarias de Hait\u00ed, exhibe un esquema de abusos, mediante el cual funcionarios del DIF estatal explotan laboralmente a menores, bajo el resguardo y, en teor\u00eda, bajo la protecci\u00f3n de la instituci\u00f3n.<\/p>\n\n\n\n<p>Mayra Mart\u00ednez, ex residente del DIF estatal, indic\u00f3: \u201cAntes de cumplir 18, a nosotros nos mandan a trabajar a un centro de trabajo que ellos nos buscan, Trabajo Social, iban por nuestro dinero. No nos dejaban que ellos nos pagaran directamente a nosotros\u201d.<\/p>\n\n\n\n<p>Mayra ten\u00eda 8 a\u00f1os cuando ingres\u00f3 a la Casa Hogar del DIF estatal. Ah\u00ed estuvo una d\u00e9cada, cuenta que en febrero de 2025 el director de Recursos Humanos del DIF Oaxaca, Jadiel L\u00f3pez Coheto, y su esposa, Betzab\u00e9 Ortiz Alfaro, le prometieron que la adoptar\u00edan.&nbsp;<\/p>\n\n\n\n<p>\u201cMe hicieron la propuesta de que, si yo quer\u00eda, que ellos, pues, se har\u00edan cargo de m\u00ed, como por as\u00ed decirlo, una adopci\u00f3n: cuando cumplas 18, para que tengas, pues, una red de apoyo\u201d.<\/p>\n\n\n\n<p>En complicidad con la directora de la Casa Hogar 2, Luz Gabriela Gonz\u00e1lez P\u00e9rez, la pareja llev\u00f3 a la joven a trabajar a un restaurante propiedad de Betzab\u00e9 Ortiz. Mayra dice que le pagaban mil pesos a la semana y que, todos los d\u00edas, antes de irse a trabajar, ten\u00eda que limpiar la casa, de 3 pisos, donde fue alojada.<\/p>\n\n\n\n<p>\u201cEs una casa donde ninguno de los dos vive. Hay varios cuartos y ellos rentan esos cuartos. Antes de salirme, ellos me hicieron firmar una hoja donde yo ten\u00eda que decir que pues yo hab\u00eda salido por m\u00e9rito propio\u201d.<\/p>\n\n\n\n<p>Entre los funcionarios se\u00f1alados de explotaci\u00f3n laboral, est\u00e1n el director de Recursos Humanos del DIF Oaxaca, adem\u00e1s de las directoras de la Casa Hogar 1 y 2, la procuradora estatal de Ni\u00f1as, Ni\u00f1os y Adolescentes, y dos funcionarias recientemente destituidas tras la muerte de dos ni\u00f1as haitianas en el albergue Casa Pato: la directora general del DIF y la coordinadora general de Albergues.<\/p>\n\n\n\n<p><strong>Becas<\/strong><\/p>\n\n\n\n<p>Estos funcionarios habr\u00edan registrado a docenas de ni\u00f1os, adolescentes y j\u00f3venes con discapacidad en las Becas del Bienestar, reteni\u00e9ndoles sus pagos bimestrales de 3 mil 300 pesos.<\/p>\n\n\n\n<p>Eso le ocurri\u00f3 a Francisca Cruz Ju\u00e1rez, una joven atleta con discapacidad que vivi\u00f3, durante 17 a\u00f1os, en casas hogar.<\/p>\n\n\n\n<p>\u201cMe corrieron si, del DIF, me sacaron porque yo ped\u00ed mi dinero. Me lo robaron\u201d.<\/p>\n\n\n\n<p>Dulce Mart\u00ednez V\u00e1zquez, una trabajadora despedida del DIF estatal, asegur\u00f3: \u201cLe retienen la tarjeta de Bienestar. La pide, muchas veces, con la directora general, Maribel Salinas Velasco, hoy destituida. Ella le da largas hasta que decide ir al banco y reportar su tarjeta como robada. Ya hace uso de su dinero y surge el descontento de la procuradora, Yarib Fern\u00e1ndez, de la jefa departamental, Luz Gabriela Gonz\u00e1lez P\u00e9rez\u201d.<\/p>\n\n\n\n<p>A Ernesto Garc\u00eda L\u00f3pez, quien lleg\u00f3 a un albergue a los 3 meses de edad, y vivi\u00f3 ah\u00ed durante 23 a\u00f1os, lo desalojaron del cuarto que ten\u00eda en el DIF. Por los maltratos, explotaci\u00f3n laboral y discriminaci\u00f3n que padeci\u00f3, decidi\u00f3 irse.<\/p>\n\n\n\n<p>\u201cYo quer\u00eda acceder a mi dinero para poder comprarme lo que sea, la directora de Casa Hogar no, no lo permit\u00eda\u201d.<\/p>\n\n\n\n<p><strong>Denuncias<\/strong><\/p>\n\n\n\n<p>Los j\u00f3venes presentaron denuncias ante las autoridades por la retenci\u00f3n de las Becas del Bienestar y el pago de sus salarios, as\u00ed como el maltrato psicol\u00f3gico y los castigos que recibieron.<\/p>\n\n\n\n<p>Trabajadores del DIF tambi\u00e9n denunciaron, ante diversas instancias, la explotaci\u00f3n laboral infantil y el maltrato que sufren los ni\u00f1os y adolescentes. Tras la denuncia, una veintena de ellos fueron despedidos y otros sufren acoso y hostigamiento laboral.<\/p>\n\n\n\n<p>\u201cTenemos miedo a represalias, tenemos miedo que le pase algo a los adolescentes, a callarnos\u201d, asegur\u00f3 Dulce Mart\u00ednez V\u00e1zquez.<\/p>\n\n\n\n<p>Se busc\u00f3 entrevistar a todas las autoridades del DIF, pero no respondieron.<\/p>\n\n\n\n<p><strong>Tras muerte de ni\u00f1as de Hait\u00ed, DIF Oaxaca maquin\u00f3 una estrategia de silencio<\/strong><\/p>\n\n\n\n<p>Por su parte, la mam\u00e1 de las gemelas migrantes, originarias de Hait\u00ed, fallecidas en un albergue del DIF estatal, narr\u00f3 que el gobierno de Salom\u00f3n Jara e Irma Bola\u00f1os la tuvieron aislada, bajo custodia y la sacaron del estado despu\u00e9s del entierro de sus ni\u00f1as.<\/p>\n\n\n\n<p>El pasado 24 de febrero, el sue\u00f1o de una vida mejor para las gemelas Bergeline y Bergelande termin\u00f3 en el fondo de una fosa s\u00e9ptica en el albergue \u201cCasa Pato\u201d. Sin embargo, para su madre, Louis, la tragedia fue apenas el inicio de una pesadilla institucional.<\/p>\n\n\n\n<p>A ocho d\u00edas de los hechos, la mujer denunci\u00f3 que el gobierno de Oaxaca no s\u00f3lo fall\u00f3 en proteger a sus hijas, sino que oper\u00f3 con frialdad para ocultar la negligencia, enterrar a las menores en secreto y expulsarla del estado con boletos de avi\u00f3n ya pagados.<\/p>\n\n\n\n<p>Mientras ella permanec\u00eda encerrada en un hotel sin contacto externo, el gobernador Salom\u00f3n Jara y su esposa, Irma Bola\u00f1os, agilizaban un sepelio expr\u00e9s. \u201cYa hab\u00edan hecho todo, s\u00f3lo les dije qu\u00e9 ropa les pusieran\u201d, record\u00f3 la madre, a quien se le neg\u00f3 cualquier derecho en el \u00faltimo adi\u00f3s de sus hijas, sepultadas, finalmente, en el anonimato de un pante\u00f3n en el municipio de Tlacolula de Matamoros, a escasos 50 minutos del Centro Hist\u00f3rico de la capital de Oaxaca.<\/p>\n\n\n\n<p>La estrategia de silencio fue integral. Mientras las peque\u00f1as eran enterradas, la maquinaria gubernamental ya ten\u00eda listo un plan de salida para Louis. En un intento por evitar que la madre hablara con los medios, le ofrecieron una residencia legal inmediata \u2014un documento que a cualquier migrante le toma a\u00f1os obtener\u2014 como moneda de cambio.<\/p>\n\n\n\n<p>Ante la firmeza de la madre, la autoridad opt\u00f3 por el traslado forzado: escolt\u00e1ndola directamente del pante\u00f3n al aeropuerto para enviarla a la ciudad de M\u00e9xico y despu\u00e9s a Monterrey.<\/p>\n\n\n\n<p>Desde su exilio en el norte del pa\u00eds, Louis M. se\u00f1ala que la muerte de las gemelas no fue un accidente, sino una omisi\u00f3n criminal.<\/p>\n\n\n\n<p>Denunci\u00f3 que la fosa ten\u00eda una \u201ctapa podrida\u201d. Para ella, el sistema de protecci\u00f3n infantil en Oaxaca est\u00e1 \u201cpodrido\u201d, priorizando el encubrimiento de sus directivos \u2014se\u00f1alados por falta de capacidad administrativa\u2014 sobre la vida de las ni\u00f1as y ni\u00f1os a su cargo.<\/p>\n\n\n\n<p>Hoy, Louis vive un doble duelo: la p\u00e9rdida de Bergeline y Bergelande y la imposibilidad de llevarles flores a una tumba, cuya ubicaci\u00f3n exacta desconoce.<\/p>\n\n\n\n<p>Mientras el gobierno de Oaxaca intenta cerrar el expediente con un solo detenido, el destierro de la mam\u00e1 de las ni\u00f1as es la prueba fehaciente de un Estado que prefiere ocultar sus errores bajo tierra y enviar a las v\u00edctimas lo m\u00e1s lejos posible para asegurar su impunidad.<\/p>\n\n\n\n<p><strong>IMUMI: muerte de ni\u00f1as haitianas en albergue del DIF en, Oaxaca, M\u00e9xico, \u201cno fue accidente, fue negligencia institucional\u201d<\/strong><\/p>\n\n\n\n<p>Eran gemelas.<\/p>\n\n\n\n<p>Hab\u00edan llegado desde Hait\u00ed.<\/p>\n\n\n\n<p>Y estaban bajo custodia del Estado.<\/p>\n\n\n\n<p>La informaci\u00f3n recabada por Instinto Noticias se\u00f1ala que las menores fallecieron tras caer a una cisterna dentro del albergue \u201cCasa Pato\u201d, ubicado en el municipio de San Raymundo Jalpan, en la zona metropolitana de la capital de Oaxaca.<\/p>\n\n\n\n<p>De acuerdo con organizaciones que trabajan con poblaci\u00f3n migrante, las ni\u00f1as jugaban cerca de la estructura sin restricciones de acceso cuando ocurri\u00f3 la tragedia, un hecho que ha generado indignaci\u00f3n y cuestionamientos p\u00fablicos.<\/p>\n\n\n\n<p>El Instituto para las Mujeres en la Migraci\u00f3n (IMUMI) fue contundente en su posicionamiento, retomado por Instinto Noticias en el seguimiento de este caso: \u201cNo es un accidente: es una negligencia institucional y una omisi\u00f3n de cuidados\u201d.<\/p>\n\n\n\n<p>En su pronunciamiento del 25 de febrero de 2026, la organizaci\u00f3n exigi\u00f3 a la Fiscal\u00eda General de Oaxaca determinar responsabilidades penales y administrativas por posibles omisiones de cuidado dentro del albergue.<\/p>\n\n\n\n<p>Hasta ahora, las autoridades han informado sobre tres personas detenidas, entre ellas el jefe de Servicios Generales del refugio.<\/p>\n\n\n\n<p>Seg\u00fan reportes oficiales consultados por Instinto Noticias, tras el caso, el gobernador de Oaxaca, Salom\u00f3n Jara Cruz, anunci\u00f3 la separaci\u00f3n del cargo de la directora general del DIF estatal, Maribel Salinas Velasco, as\u00ed como de la coordinadora de albergues Cristina Ram\u00edrez Vargas y de la directora del albergue.<\/p>\n\n\n\n<p>Sin embargo, organizaciones internacionales y colectivos consideran que las investigaciones deben ir m\u00e1s all\u00e1.<\/p>\n\n\n\n<p>Entre quienes han solicitado una revisi\u00f3n profunda del caso se encuentran ACNUR, UNICEF y la Organizaci\u00f3n Internacional para las Migraciones, que han pedido:<\/p>\n\n\n\n<p>*Una investigaci\u00f3n exhaustiva con perspectiva de ni\u00f1ez y migraci\u00f3n<\/p>\n\n\n\n<p>*Reparaci\u00f3n integral para la madre de las menores<\/p>\n\n\n\n<p>*Revisi\u00f3n de las condiciones de seguridad en los albergues del Sistema para el Desarrollo Integral de la Familia<\/p>\n\n\n\n<p>Para Instinto Noticias, el caso ha dejado una pregunta que hoy comienza a resonar con fuerza en la opini\u00f3n p\u00fablica: Si un refugio oficial del Estado no puede garantizar la seguridad de ni\u00f1as migrantes\u2026 entonces, \u00bfqui\u00e9n s\u00ed?<\/p>\n\n\n\n<p><strong>Fiscal\u00eda de Oaxaca solicita vinculaci\u00f3n a proceso por homicidio culposo por omisi\u00f3n contra funcionario de Casa Hogar tras muerte de dos menores<\/strong><\/p>\n\n\n\n<p>Por otra parte, la Fiscal\u00eda General del Estado de Oaxaca (FGEO) realiza imputaci\u00f3n y solicita vinculaci\u00f3n a proceso en contra de E.J.B.Z., por el delito de homicidio culposo por omisi\u00f3n, quien se desempe\u00f1aba como Jefe de Departamento de Servicios Generales de la Casa Hogar \u201cPatos\u201d, centro de tr\u00e1nsito adscrito al Sistema DIF Estatal, lugar donde perdieron la vida dos ni\u00f1as de origen haitiano. Los hechos se registraron el pasado 24 de febrero.<\/p>\n\n\n\n<p>De acuerdo con la carpeta de investigaci\u00f3n de la Fiscal\u00eda de Oaxaca, las v\u00edctimas eran ni\u00f1as en contexto de movilidad y bajo resguardo institucional, lo que implicaba un deber reforzado de cuidado por parte de quienes ten\u00edan a su cargo su seguridad. En ese sentido, el imputado ostentaba la calidad de garante respecto a la integridad f\u00edsica y la vida de las menores, especialmente desde una perspectiva de g\u00e9nero y de protecci\u00f3n integral de la infancia.<\/p>\n\n\n\n<p>Con base en lo establecido en el C\u00f3digo Penal Vigente para el Estado de Oaxaca, el delito que se atribuye corresponde a homicidio culposo por omisi\u00f3n, que se configura cuando una persona obligada legal o contractualmente a proteger no act\u00faa para evitar un resultado lesivo, pese a tener la posibilidad real de hacerlo. Las indagatorias establecen que el imputado contaba con capacidad f\u00edsica y material para intervenir, sin embargo, su inactividad permiti\u00f3 la consumaci\u00f3n de los hechos.<\/p>\n\n\n\n<p>Trat\u00e1ndose de ni\u00f1as, ni\u00f1os y adolescentes \u2014especialmente en situaci\u00f3n de vulnerabilidad por su condici\u00f3n de extranjeras y bajo tutela institucional\u2014 la FGEO garantiza el inter\u00e9s superior de la ni\u00f1ez durante el proceso legal.<\/p>\n\n\n\n<p>Adem\u00e1s, las investigaciones ministeriales se ampliaron para considerar todas las aristas para determinar si existe m\u00e1s personas que tengan alg\u00fan tipo de nivel de responsabilidad en estos hechos.<\/p>\n\n\n\n<p>La Fiscal\u00eda de Oaxaca conduce la investigaci\u00f3n bajo los principios de debida diligencia reforzada, enfoque diferencial y perspectiva de g\u00e9nero e infancia, a fin de garantizar el acceso pleno a la justicia y evitar cualquier forma de revictimizaci\u00f3n, privilegiando siempre la protecci\u00f3n y dignidad de las ni\u00f1as y ni\u00f1os.<\/p>\n","protected":false},"excerpt":{"rendered":"<p>*La muerte de dos ni\u00f1as haitianas exhibe un esquema de abusos, mediante el cual funcionarios del DIF estatal explotan laboralmente<\/p>\n","protected":false},"author":1,"featured_media":221309,"comment_status":"closed","ping_status":"closed","sticky":false,"template":"","format":"standard","meta":{"footnotes":""},"categories":[11,3,7,4,14],"tags":[],"class_list":["post-221308","post","type-post","status-publish","format-standard","has-post-thumbnail","hentry","category-capital","category-las-destacadas","category-municipal","category-policiaca","category-titulares"],"_links":{"self":[{"href":"https:\/\/oaxacadiaadia.com\/index.php?rest_route=\/wp\/v2\/posts\/221308","targetHints":{"allow":["GET"]}}],"collection":[{"href":"https:\/\/oaxacadiaadia.com\/index.php?rest_route=\/wp\/v2\/posts"}],"about":[{"href":"https:\/\/oaxacadiaadia.com\/index.php?rest_route=\/wp\/v2\/types\/post"}],"author":[{"embeddable":true,"href":"https:\/\/oaxacadiaadia.com\/index.php?rest_route=\/wp\/v2\/users\/1"}],"replies":[{"embeddable":true,"href":"https:\/\/oaxacadiaadia.com\/index.php?rest_route=%2Fwp%2Fv2%2Fcomments&post=221308"}],"version-history":[{"count":1,"href":"https:\/\/oaxacadiaadia.com\/index.php?rest_route=\/wp\/v2\/posts\/221308\/revisions"}],"predecessor-version":[{"id":221310,"href":"https:\/\/oaxacadiaadia.com\/index.php?rest_route=\/wp\/v2\/posts\/221308\/revisions\/221310"}],"wp:featuredmedia":[{"embeddable":true,"href":"https:\/\/oaxacadiaadia.com\/index.php?rest_route=\/wp\/v2\/media\/221309"}],"wp:attachment":[{"href":"https:\/\/oaxacadiaadia.com\/index.php?rest_route=%2Fwp%2Fv2%2Fmedia&parent=221308"}],"wp:term":[{"taxonomy":"category","embeddable":true,"href":"https:\/\/oaxacadiaadia.com\/index.php?rest_route=%2Fwp%2Fv2%2Fcategories&post=221308"},{"taxonomy":"post_tag","embeddable":true,"href":"https:\/\/oaxacadiaadia.com\/index.php?rest_route=%2Fwp%2Fv2%2Ftags&post=221308"}],"curies":[{"name":"wp","href":"https:\/\/api.w.org\/{rel}","templated":true}]}}