{"id":144007,"date":"2021-03-31T22:56:04","date_gmt":"2021-04-01T04:56:04","guid":{"rendered":"http:\/\/oaxacadiaadia.com\/?p=144007"},"modified":"2021-03-31T22:56:05","modified_gmt":"2021-04-01T04:56:05","slug":"mixteca-embajadora-de-premios-latinoamerica-verde","status":"publish","type":"post","link":"https:\/\/oaxacadiaadia.com\/?p=144007","title":{"rendered":"Mixteca, Embajadora de Premios Latinoam\u00e9rica Verde"},"content":{"rendered":"\n<figure class=\"wp-block-image\"><img loading=\"lazy\" decoding=\"async\" width=\"404\" height=\"404\" src=\"http:\/\/oaxacadiaadia.com\/wp-content\/uploads\/2021\/03\/Mixteca-Embajadora-de-Premios-Latinoam\u00e9rica-Verde.jpg\" alt=\"\" class=\"wp-image-144008\" srcset=\"https:\/\/oaxacadiaadia.com\/wp-content\/uploads\/2021\/03\/Mixteca-Embajadora-de-Premios-Latinoam\u00e9rica-Verde.jpg 404w, https:\/\/oaxacadiaadia.com\/wp-content\/uploads\/2021\/03\/Mixteca-Embajadora-de-Premios-Latinoam\u00e9rica-Verde-150x150.jpg 150w, https:\/\/oaxacadiaadia.com\/wp-content\/uploads\/2021\/03\/Mixteca-Embajadora-de-Premios-Latinoam\u00e9rica-Verde-300x300.jpg 300w\" sizes=\"auto, (max-width: 404px) 100vw, 404px\" \/><\/figure>\n\n\n\n<!--more-->\n\n\n\n<p>Huajuapan de Le\u00f3n, Oaxaca, Mi\u00e9rcoles 31 de\nMarzo, 2021 (Fuente: IGAVEC).- Luego de haber participado con un proyecto sobre\ntransformaci\u00f3n de productos naturales, la doctora originaria del municipio de\nSantiago Juxtlahuaca, perteneciente a la regi\u00f3n de la Mixteca, Guadalupe\nMontalvo Mart\u00ednez, fue designada como Embajadora de los Premios Latinoam\u00e9rica\nVerde M\u00e9xico\u2013Oaxaca.<\/p>\n\n\n\n<p>Montalvo Mart\u00ednez detall\u00f3 que su proyecto\nfue elegido dentro de un top 500, mismo que denomin\u00f3 \u201cMercado Org\u00e1nico \u00d1uu\nSavi\u201d, en el cual se congregan distintos productores, tanto agr\u00edcolas como\nartesanales, para darle un giro a los insumos que normalmente se consumen de la\nnaturaleza, pero garantizando su conservaci\u00f3n de manera natural.<\/p>\n\n\n\n<p>\u201cNosotros entramos a un evento donde se\npueden meter proyectos verdes, mismos que ayudan a la sostenibilidad, el medio\nambiente y a la econom\u00eda circular, entonces nuestra tienda entr\u00f3 al Premio\nLatino en donde fui elegida como Embajadora para representar a la zona y buscar\nproyectos que, de igual forma, est\u00e9n encaminados hacia ese sentido y esa es\nnuestra principal funci\u00f3n que tenemos\u201d, dijo.<\/p>\n\n\n\n<p>Explic\u00f3 que otro prop\u00f3sito del cargo\nasumido, es que se promocione el cuidado del medio ambiente y que, a su vez, se\nimpulsen actividades que reactiven la econom\u00eda de zonas de escasos recursos y\nque esta actividad, tambi\u00e9n impacte al resto del mundo con acciones positivas\nen favor de la naturaleza y los entes que la habitan.<\/p>\n\n\n\n<p>La embajadora de los Premios Latinoam\u00e9rica\nVerde indic\u00f3 que, en este momento, ya cuentan con algunos otros proyectos\nencaminados al rescate de la flora y la fauna de la regi\u00f3n, as\u00ed como tambi\u00e9n\nsobre el cuidado del agua, ya que esta problem\u00e1tica es un tema primordial que\nse busca darle pronta soluci\u00f3n, ya que no solo a nivel local se padece del\nvital l\u00edquido, sino alrededor del mundo, existen diversas comunidades que\ncarecen de agua para consumo propio o para su uso.<\/p>\n\n\n\n<p>\u201cEstamos muy contentos de haber recibido\neste premio Latinoam\u00e9rica Verde porque aparte de ser Embajadora, a nivel\nnacional tambi\u00e9n se gan\u00f3 el tercer lugar como representante de los embajadores,\ny obviamente para m\u00ed es un orgullo que tanto Juxtlahuaca como la misma regi\u00f3n\nde la Mixteca sean reconocidos a nivel Latinoam\u00e9rica, cuyos nombres no hab\u00edan\nfigurado o hab\u00edan sido reconocidos con anterioridad\u201d, finaliz\u00f3.<\/p>\n","protected":false},"excerpt":{"rendered":"","protected":false},"author":1,"featured_media":144008,"comment_status":"open","ping_status":"open","sticky":false,"template":"","format":"standard","meta":{"footnotes":""},"categories":[3,7,13,14],"tags":[],"class_list":["post-144007","post","type-post","status-publish","format-standard","has-post-thumbnail","hentry","category-las-destacadas","category-municipal","category-nacional","category-titulares"],"_links":{"self":[{"href":"https:\/\/oaxacadiaadia.com\/index.php?rest_route=\/wp\/v2\/posts\/144007","targetHints":{"allow":["GET"]}}],"collection":[{"href":"https:\/\/oaxacadiaadia.com\/index.php?rest_route=\/wp\/v2\/posts"}],"about":[{"href":"https:\/\/oaxacadiaadia.com\/index.php?rest_route=\/wp\/v2\/types\/post"}],"author":[{"embeddable":true,"href":"https:\/\/oaxacadiaadia.com\/index.php?rest_route=\/wp\/v2\/users\/1"}],"replies":[{"embeddable":true,"href":"https:\/\/oaxacadiaadia.com\/index.php?rest_route=%2Fwp%2Fv2%2Fcomments&post=144007"}],"version-history":[{"count":1,"href":"https:\/\/oaxacadiaadia.com\/index.php?rest_route=\/wp\/v2\/posts\/144007\/revisions"}],"predecessor-version":[{"id":144009,"href":"https:\/\/oaxacadiaadia.com\/index.php?rest_route=\/wp\/v2\/posts\/144007\/revisions\/144009"}],"wp:featuredmedia":[{"embeddable":true,"href":"https:\/\/oaxacadiaadia.com\/index.php?rest_route=\/wp\/v2\/media\/144008"}],"wp:attachment":[{"href":"https:\/\/oaxacadiaadia.com\/index.php?rest_route=%2Fwp%2Fv2%2Fmedia&parent=144007"}],"wp:term":[{"taxonomy":"category","embeddable":true,"href":"https:\/\/oaxacadiaadia.com\/index.php?rest_route=%2Fwp%2Fv2%2Fcategories&post=144007"},{"taxonomy":"post_tag","embeddable":true,"href":"https:\/\/oaxacadiaadia.com\/index.php?rest_route=%2Fwp%2Fv2%2Ftags&post=144007"}],"curies":[{"name":"wp","href":"https:\/\/api.w.org\/{rel}","templated":true}]}}